{"id":368989,"date":"2026-09-01T16:42:19","date_gmt":"2026-09-01T16:42:19","guid":{"rendered":"https:\/\/www.europesays.com\/at\/368989\/"},"modified":"2026-09-01T16:42:19","modified_gmt":"2026-09-01T16:42:19","slug":"details-zu-trumps-deal-venezuelas-oelvorrat-gehoert-de-facto-nun-den-usa-kronen-zeitung","status":"publish","type":"post","link":"https:\/\/www.europesays.com\/at\/368989\/","title":{"rendered":"Details zu Trumps Deal &#8211; Venezuelas \u00d6lvorrat geh\u00f6rt de facto nun den USA &#8211; Kronen Zeitung"},"content":{"rendered":"<p><a href=\"https:\/\/news.google.com\/rss\/articles\/CBMiQkFVX3lxTE5xdFVZWVpJZ0ZTRUlhMXpoVmhXRGlseWtHbnFpb1JaSC1tZ05QV00zMzNfUFFaX1dSdTBjVVM0aDkwdw?oc=5\" target=\"_blank\" rel=\"nofollow noopener\">Details zu Trumps Deal &#8211; Venezuelas \u00d6lvorrat geh\u00f6rt de facto nun den USA<\/a>&nbsp;&nbsp;Kronen Zeitung<a href=\"https:\/\/news.google.com\/rss\/articles\/CBMifkFVX3lxTE5scEpJNUVFT2FHS1UtM0ZuTTNfRzZIZU16YnFselY5MVB4UWtHUHRBa014emUyNmdPY2k0UG5uNGx4S1ZCb0RVUzdtUW9JbVJzUE43Z0Z3SzNhSTQyTlRzazdWX3I4ckJsZ0lmV0JDOEZLQVFlWWJsMEJKVXZqUQ?oc=5\" target=\"_blank\" rel=\"nofollow noopener\">\u00d6l-Deal der USA mit Venezuela: Experten bezweifeln Trumps Versprechen<\/a>&nbsp;&nbsp;tagesschau.de<a href=\"https:\/\/news.google.com\/rss\/articles\/CBMiygFBVV95cUxPRVRrT3BHN0QxTWc0UC1aMEZGeHZiZTczNDFyRHlHeWw0b0Q1ZUhiMWowTk9rNzhGQkV4XzFjQUJvUkxhQVZYQ195XzB6dW5VcFQ0NHgzRnpKMDBHTkozbXRMSGtYdGEwbzM5ZW1EbW9uMHZwMjdzTFFFYmJTemI2MllGSWxROTZManJKMmpDbFFxdHdZeHljcWtUUGRxMGhRTjludEZCRzItLTRfYTJRRC1mN0hrdlJsVEh2ZTAwaEdRV1B0SXdQbTh3?oc=5\" target=\"_blank\" rel=\"nofollow noopener\">Erd\u00f6ldeal mit Venezuela: Wenn Trump mit Sozialisten dealt<\/a>&nbsp;&nbsp;profil.at<a href=\"https:\/\/news.google.com\/rss\/articles\/CBMipAFBVV95cUxQRXp4TlR3dG1CZ0xEdUZURU1RdGY5RDROOGlqOE0wRWoya2FobFhTVWdPYlF3ZndYalAwelQyMlBfaXpCSXROVVRiNFFvOU5yclhVeWpKS3R4TW9ZNHdXRC1VV0F5VkVUakZwVHVIeVJwWTR0V19HSVRTTGx4Q3VoRnRtZlZtUnplNUxrSjgzU0U0WVhOeW1saTlySkhtUm9PRF9lbA?oc=5\" target=\"_blank\" rel=\"nofollow noopener\">\u00d6l-Deal mit Venezuela: Trump verspricht billiges Benzin<\/a>&nbsp;&nbsp;Der Standard<a href=\"https:\/\/news.google.com\/rss\/articles\/CBMi1gFBVV95cUxPb3RqWU9PbVBZVEJlcVFCVW9fblNNTm1oQjRxY2swYTg3dU9sUldfZkNGTFk5UFVCdlBJQ1lKbGs4d3FVYVBFTENaTURRRl9IazhDdXdpTG4zWVdoUXJuemF4ZlZrLTlyb3V3MC15LVYycHZwWGg2bVNaVnhLV0NCc2kzRTY3TXl4OU9Od2xjXy1ILTR6Ty12QnVmNmVSQkFPTU5mY0puT3BjczZjRkdWZVdINEoxYUMtYXYzWFhsZzJKMUR3NTVySGc0aDZyRmxhZW5yTUFn?oc=5\" target=\"_blank\" rel=\"nofollow noopener\">Donald Trump: \u00d6l aus Venezuela soll strategische US-Reserven st\u00e4rken<\/a>&nbsp;&nbsp;Spiegel<\/p>\n","protected":false},"excerpt":{"rendered":"Details zu Trumps Deal &#8211; Venezuelas \u00d6lvorrat geh\u00f6rt de facto nun den USA&nbsp;&nbsp;Kronen Zeitung\u00d6l-Deal der USA mit Venezuela:&hellip;\n","protected":false},"author":2,"featured_media":368990,"comment_status":"","ping_status":"","sticky":false,"template":"","format":"standard","meta":{"footnotes":"","_share_on_mastodon":"0"},"categories":[12],"tags":[92632,92633,40,41,5944,92634,39,92635,576,577,52765,439,92636,73987,36050,66,65,64],"class_list":["post-368989","post","type-post","status-publish","format-standard","has-post-thumbnail","category-welt","tag-hightower-resource-advisors","tag-nabep","tag-nachrichten","tag-news","tag-nicolas-maduro","tag-north-american-blue-energy-partners","tag-schlagzeilen","tag-tracy-shuchart","tag-trump","tag-trumps","tag-us-verteidigungsministerium","tag-usa","tag-venezolanische","tag-venezolanischen","tag-weissen-hauses","tag-welt","tag-world","tag-world-news"],"share_on_mastodon":{"url":"https:\/\/pubeurope.com\/@at\/117196786686579513","error":""},"_links":{"self":[{"href":"https:\/\/www.europesays.com\/at\/wp-json\/wp\/v2\/posts\/368989","targetHints":{"allow":["GET"]}}],"collection":[{"href":"https:\/\/www.europesays.com\/at\/wp-json\/wp\/v2\/posts"}],"about":[{"href":"https:\/\/www.europesays.com\/at\/wp-json\/wp\/v2\/types\/post"}],"author":[{"embeddable":true,"href":"https:\/\/www.europesays.com\/at\/wp-json\/wp\/v2\/users\/2"}],"replies":[{"embeddable":true,"href":"https:\/\/www.europesays.com\/at\/wp-json\/wp\/v2\/comments?post=368989"}],"version-history":[{"count":0,"href":"https:\/\/www.europesays.com\/at\/wp-json\/wp\/v2\/posts\/368989\/revisions"}],"wp:featuredmedia":[{"embeddable":true,"href":"https:\/\/www.europesays.com\/at\/wp-json\/wp\/v2\/media\/368990"}],"wp:attachment":[{"href":"https:\/\/www.europesays.com\/at\/wp-json\/wp\/v2\/media?parent=368989"}],"wp:term":[{"taxonomy":"category","embeddable":true,"href":"https:\/\/www.europesays.com\/at\/wp-json\/wp\/v2\/categories?post=368989"},{"taxonomy":"post_tag","embeddable":true,"href":"https:\/\/www.europesays.com\/at\/wp-json\/wp\/v2\/tags?post=368989"}],"curies":[{"name":"wp","href":"https:\/\/api.w.org\/{rel}","templated":true}]}}