{"id":369067,"date":"2026-09-01T17:30:08","date_gmt":"2026-09-01T17:30:08","guid":{"rendered":"https:\/\/www.europesays.com\/at\/369067\/"},"modified":"2026-09-01T17:30:08","modified_gmt":"2026-09-01T17:30:08","slug":"isabelle-kujat-mit-14-jahren-die-erste-ausstellung-bei-der-kunstnacht","status":"publish","type":"post","link":"https:\/\/www.europesays.com\/at\/369067\/","title":{"rendered":"Isabelle Kujat: Mit 14 Jahren die erste Ausstellung bei der Kunstnacht"},"content":{"rendered":"<p class=\"mb-6 text-xs-varying md:text-m lg:text-l font-serif group-[.font-sans]:font-sans \">\n    Das Trio Marita Holzmann, Uli Kriwet und Isabelle Kujat zeigt sein K\u00f6nnen\u00a0in der Passage vor der Zuckerdose und Kosmetik Frey. Was tun, wenn ein gro\u00dfer, brauner Teefleck versehentlich auf ein gro\u00dfes, wei\u00dfes Blatt Zeichenpapier ger\u00e4t, auf dem eigentlich etwas anderes entstehen sollte. Ein wenig kreatives Nachdenken sp\u00e4ter, die Eingebung, ganz einfach noch mehr Teekleckse drauf. So entstand mit k\u00fcnstlerischem Blick, viel Fantasie und schwarzer Tusche, aus dem Zufall heraus, eine interessante grafische Komposition, die als \u201eDie T\u00e4nzer\u201c ihren Weg verdienterweise in die lange Kunstnacht fand. Die erst 14-j\u00e4hrige Elisa Isabelle Kujat besucht die J.-Lederer-Schule in Kaufbeuren, wo sie w\u00e4hrend der Woche auch lebt. Sie wurde in Indonesien geboren und hat sich, als sie mit f\u00fcnf Jahren nach <a href=\"https:\/\/www.augsburger-allgemeine.de\/landsberg\/ort\/landsberg\" target=\"_self\" class=\"underline \" rel=\"nofollow noopener\">Landsberg<\/a> kam, mit gro\u00dfem Ehrgeiz selbst Deutsch beigebracht. Daneben entwickelte sie ein gro\u00dfes Interesse f\u00fcrs Malen und Zeichnen, jetzt benutzt sie dazu gr\u00f6\u00dftenteils Acryl.\n  <\/p>\n<p>      <a href=\"https:\/\/www.augsburger-allgemeine.de\/landsberg\/buntes-rahmenprogramm-wieder-eine-farbenfrohe-kunstnacht-in-landsberg-115084452\" class=\"hidden  &#010;                md:block md:mr-5 md:min-w-[140px]  aspect-photo md:aspect-tv lg:aspect-tv w-fullXXX relative self-start inline overflow-hidden\" rel=\"nofollow noopener\" target=\"_blank\"><\/p>\n<p>    <img decoding=\"async\" src=\"\" alt=\"Die Lichtinstallation am Historischen Rathaus war einer der H\u00f6hepunkt im vergangenen Jahr.\" title=\"Die Lichtinstallation am Historischen Rathaus war einer der H\u00f6hepunkt im vergangenen Jahr.\" loading=\"lazy\" class=\"h-full w-full object-cover\"\/><br \/>\n   <\/a><\/p>\n<p class=\"mb-6 text-xs-varying md:text-m lg:text-l font-serif group-[.font-sans]:font-sans \">\n    Mangas, zu denen sie ihre eigenen Geschichten erfindet, zeichnet sie besonders gerne. \u201eDas macht mir gro\u00dfen Spa\u00df und ich kann damit auch Probleme verarbeiten\u201c, erz\u00e4hlt die muntere Sch\u00fclerin, die als Berufswunsch Architektin oder Schauspielerin angibt.\u00a0Als Nachbarin und langj\u00e4hrige, gute Kundin der Zuckerdose kennt sie die kunstinteressierte Betreiberin Christine Schelz gut. Diese will\u00a0die au\u00dfergew\u00f6hnliche Begabung des Teenagers f\u00f6rdern, und zusammen freuen sie sich auf die Lange Kunstnacht.\n  <\/p>\n<p class=\"mb-6 text-xs-varying md:text-m lg:text-l font-serif group-[.font-sans]:font-sans \">\n    Im gleichen Stadtquartier lebt Uli Kriwet, der bereits \u00fcber Ausstellungs-Erfahrung w\u00e4hrend der Langen Kunstnacht im Zeder-Markt verf\u00fcgt. Sein Berufsleben hat er bereits hinter sich. Als Ingenieur war es gepr\u00e4gt von klaren Linien sowie technischer Sachlichkeit. Der 1945 in Bad V\u00f6slau bei Wien geborene und in Hagen, Westfalen aufgewachsene Kriwet, wohnt seit 1983 mit seiner Frau Christine in Landsberg. Aus seiner Passion f\u00fcr die klassische Fotografie entwickelte sich nach seiner Pensionierung eine neue Leidenschaft. \u201eIch fing an, Fotografien so zu verfremden, dass aus klassischen Blumenbildern,\u00a0gem\u00e4ldeartige Fotokunstwerke entstanden, vergleichbar mit der Spiritustechnik, Acryl-Alkohol-Technik\u201c, verriet Ulrich Kriwet. Seine farbenfrohen, k\u00fcnstlerischen oder gestalterischen Ver\u00e4nderungen eines Motivs werfen einen neuen Blick auf vertraute Wirklichkeiten, welche die Vielfalt des Lebens, Freude und Leichtigkeit widerspiegeln.\n  <\/p>\n<p class=\"mb-6 text-xs-varying md:text-m lg:text-l font-serif group-[.font-sans]:font-sans \">\n    Marita Holzmann komplettiert das Ausstellungs-Trio vor Sch\u00f6nheits- und S\u00fc\u00dfigkeitenshop. Holzmann kommt urspr\u00fcnglich aus Markt Oberdorf, lebt jedoch seit 36 Jahren in Landsberg. In ihrem Job als technische Zeichnerin hatte sie ebenfalls viel mit klaren Linien zu tun. \u201eDoch ich hatte immer schon eine eher k\u00fcnstlerische Ader, habe gerne gen\u00e4ht, get\u00f6pfert und gebastelt\u201c, erz\u00e4hlt die 61-j\u00e4hrige. Auch Zeichnen mit Pastell- und Aquarellfarben geh\u00f6rte schon fr\u00fch zu ihren liebsten Freizeitbesch\u00e4ftigungen. Seit zwei Jahren hat sie sich ganz auf Aquarellfarben spezialisiert, sich dabei aber auf keinen Stil festgelegt. Farbintensiv, sowohl im Gegenst\u00e4ndlichen als auch im Abstrakten, sind auf ihren Arbeiten oft\u00a0heimische Tiere, wie K\u00fche und Schweine, aber auch Menschen und H\u00e4user zu bewundern. \u201eMeine Bilder sollen nicht exakt wie Fotos aussehen,\u00a0sondern dazu anregen, etwas l\u00e4nger drauf zuschauen\u201c, so die K\u00fcnstlerin, die sich zusammen mit ihrer jungen Kollegin und dem Ausstellungsprofi auf die Lange Kunstnacht freut.\u00a0\n  <\/p>\n","protected":false},"excerpt":{"rendered":"Das Trio Marita Holzmann, Uli Kriwet und Isabelle Kujat zeigt sein K\u00f6nnen\u00a0in der Passage vor der Zuckerdose und&hellip;\n","protected":false},"author":2,"featured_media":369068,"comment_status":"","ping_status":"","sticky":false,"template":"","format":"standard","meta":{"footnotes":"","_share_on_mastodon":"0"},"categories":[26],"tags":[158,157,46,42,92654,159,92656,147,92650,21581,161,160,81345,24636,92651,44,92652,148,92653,92655],"class_list":["post-369067","post","type-post","status-publish","format-standard","has-post-thumbnail","category-kunst-und-design","tag-art","tag-art-and-design","tag-at","tag-austria","tag-christine-schelz","tag-design","tag-elisa-isabelle-kujat","tag-entertainment","tag-isabelle-kujat","tag-kosmetik","tag-kunst","tag-kunst-und-design","tag-kunstnacht","tag-landsberg","tag-marita-holzmann","tag-oesterreich","tag-uli-kriwet","tag-unterhaltung","tag-zederpassage","tag-zuckerdose"],"share_on_mastodon":{"url":"https:\/\/pubeurope.com\/@at\/117196975487148555","error":""},"_links":{"self":[{"href":"https:\/\/www.europesays.com\/at\/wp-json\/wp\/v2\/posts\/369067","targetHints":{"allow":["GET"]}}],"collection":[{"href":"https:\/\/www.europesays.com\/at\/wp-json\/wp\/v2\/posts"}],"about":[{"href":"https:\/\/www.europesays.com\/at\/wp-json\/wp\/v2\/types\/post"}],"author":[{"embeddable":true,"href":"https:\/\/www.europesays.com\/at\/wp-json\/wp\/v2\/users\/2"}],"replies":[{"embeddable":true,"href":"https:\/\/www.europesays.com\/at\/wp-json\/wp\/v2\/comments?post=369067"}],"version-history":[{"count":0,"href":"https:\/\/www.europesays.com\/at\/wp-json\/wp\/v2\/posts\/369067\/revisions"}],"wp:featuredmedia":[{"embeddable":true,"href":"https:\/\/www.europesays.com\/at\/wp-json\/wp\/v2\/media\/369068"}],"wp:attachment":[{"href":"https:\/\/www.europesays.com\/at\/wp-json\/wp\/v2\/media?parent=369067"}],"wp:term":[{"taxonomy":"category","embeddable":true,"href":"https:\/\/www.europesays.com\/at\/wp-json\/wp\/v2\/categories?post=369067"},{"taxonomy":"post_tag","embeddable":true,"href":"https:\/\/www.europesays.com\/at\/wp-json\/wp\/v2\/tags?post=369067"}],"curies":[{"name":"wp","href":"https:\/\/api.w.org\/{rel}","templated":true}]}}