{"id":369225,"date":"2026-09-01T19:07:11","date_gmt":"2026-09-01T19:07:11","guid":{"rendered":"https:\/\/www.europesays.com\/at\/369225\/"},"modified":"2026-09-01T19:07:11","modified_gmt":"2026-09-01T19:07:11","slug":"bushido-anna-maria-erklaeren-womit-sie-inzwischen-ihr-geld-verdienen","status":"publish","type":"post","link":"https:\/\/www.europesays.com\/at\/369225\/","title":{"rendered":"Bushido &#038; Anna-Maria erkl\u00e4ren, womit sie inzwischen ihr Geld verdienen"},"content":{"rendered":"<p>Zwar steht der musikalische <a href=\"https:\/\/hiphop.de\/magazin\/news\/vorbestellung-bushido-album-box-aerger-417865\" target=\"_blank\" rel=\"nofollow noopener\">Abschluss<\/a> von <a href=\"https:\/\/hiphop.de\/bushido\" target=\"_blank\" rel=\"nofollow noopener\">Bushido<\/a>s Karriere noch aus, wie er seine Br\u00f6tchen k\u00fcnftig (zumindest teilweise) verdienen will, wei\u00df der 47-J\u00e4hrige aber anscheinend schon. Er und seine Ehefrau <a href=\"https:\/\/hiphop.de\/anna-maria-ferchichi\" target=\"_blank\" rel=\"nofollow noopener\">Anna-Maria<\/a> wollen fortan in Immobilien machen. \u00dcber ihren Instagram erkl\u00e4rt sie, wie die beiden dabei vorgehen.<\/p>\n<p>Bushido &amp; Anna-Maria kl\u00e4ren \u00fcber ihr Immobilien-Business auf<\/p>\n<p>In dem mit &#8222;Womit verdienen wir unser Geld &#8211; was ihr bis jetzt noch nicht wusstet&#8220; betitelten Clip erz\u00e4hlt Anna-Maria, dass sie und Bushido meist vormittags damit besch\u00e4ftigt sind, Wohnungen zu kaufen. Dabei w\u00fcrden sie vor allem darauf setzen, sanierungsbed\u00fcrftige Objekte zu erwerben, um diese dann instand zu bringen.<\/p>\n<p>In der Caption hei\u00dft es:<\/p>\n","protected":false},"excerpt":{"rendered":"Zwar steht der musikalische Abschluss von Bushidos Karriere noch aus, wie er seine Br\u00f6tchen k\u00fcnftig (zumindest teilweise) verdienen&hellip;\n","protected":false},"author":2,"featured_media":369226,"comment_status":"","ping_status":"","sticky":false,"template":"","format":"standard","meta":{"footnotes":"","_share_on_mastodon":"0"},"categories":[24],"tags":[14216,46,42,3925,1821,147,2876,5700,153,154,41,44,390,2611,148,92665],"class_list":["post-369225","post","type-post","status-publish","format-standard","has-post-thumbnail","category-musik","tag-anna-maria-ferchichi","tag-at","tag-austria","tag-bushido","tag-deutschrap","tag-entertainment","tag-geld","tag-immobilien","tag-music","tag-musik","tag-news","tag-oesterreich","tag-rap","tag-sanierung","tag-unterhaltung","tag-verdienen"],"share_on_mastodon":{"url":"https:\/\/pubeurope.com\/@at\/117197357154093018","error":""},"_links":{"self":[{"href":"https:\/\/www.europesays.com\/at\/wp-json\/wp\/v2\/posts\/369225","targetHints":{"allow":["GET"]}}],"collection":[{"href":"https:\/\/www.europesays.com\/at\/wp-json\/wp\/v2\/posts"}],"about":[{"href":"https:\/\/www.europesays.com\/at\/wp-json\/wp\/v2\/types\/post"}],"author":[{"embeddable":true,"href":"https:\/\/www.europesays.com\/at\/wp-json\/wp\/v2\/users\/2"}],"replies":[{"embeddable":true,"href":"https:\/\/www.europesays.com\/at\/wp-json\/wp\/v2\/comments?post=369225"}],"version-history":[{"count":0,"href":"https:\/\/www.europesays.com\/at\/wp-json\/wp\/v2\/posts\/369225\/revisions"}],"wp:featuredmedia":[{"embeddable":true,"href":"https:\/\/www.europesays.com\/at\/wp-json\/wp\/v2\/media\/369226"}],"wp:attachment":[{"href":"https:\/\/www.europesays.com\/at\/wp-json\/wp\/v2\/media?parent=369225"}],"wp:term":[{"taxonomy":"category","embeddable":true,"href":"https:\/\/www.europesays.com\/at\/wp-json\/wp\/v2\/categories?post=369225"},{"taxonomy":"post_tag","embeddable":true,"href":"https:\/\/www.europesays.com\/at\/wp-json\/wp\/v2\/tags?post=369225"}],"curies":[{"name":"wp","href":"https:\/\/api.w.org\/{rel}","templated":true}]}}