{"id":369269,"date":"2026-09-01T19:36:07","date_gmt":"2026-09-01T19:36:07","guid":{"rendered":"https:\/\/www.europesays.com\/at\/369269\/"},"modified":"2026-09-01T19:36:07","modified_gmt":"2026-09-01T19:36:07","slug":"schulbeginn-chancenbonus-bis-kopftuch-verbot-das-aendert-sich-im-neuen-schuljahr","status":"publish","type":"post","link":"https:\/\/www.europesays.com\/at\/369269\/","title":{"rendered":"Schulbeginn &#8211; Chancenbonus bis Kopftuch-Verbot: Das \u00e4ndert sich im neuen Schuljahr"},"content":{"rendered":"<p>        <img decoding=\"async\" src=\"https:\/\/www.europesays.com\/at\/wp-content\/uploads\/2026\/09\/img-ZrgahwAAyxdSpnv2.jpeg\" data-fullscreen-src=\"https:\/\/www.noen.at\/image\/3840x0-jpg\/6607529\/img-ZrgahwAAyxdSpnv2.jpeg\" bad-src=\"https:\/\/www.europesays.com\/at\/wp-content\/uploads\/2026\/09\/img-ZrgahwAAyxdSpnv2.jpeg\" data-teaser-member=\"image\" alt=\"Schulbeginn: Kinder mit Schult\u00fcten\"\/><\/p>\n<p>\n                Stolz, nerv\u00f6s und voller Vorfreude starten 18.000 Kinder am Montag, 7. September, in ihre Schullaufbahn.            <\/p>\n<p>\n                Foto:<br \/>\n                Shutterstock\/Savicic, Savicic                            <\/p>\n<p>\n        Wenn am kommenden Montag in Nieder\u00f6sterreich wieder die Schulglocken l\u00e4uten, beginnt f\u00fcr rund 200.000 Kinder und Jugendliche das neue Schuljahr. Einige Schulen bekommen mit dem Chancenbonus mehr Personal. Auch f\u00fcr andere treten Neuerungen in Kraft: Sie reichen von der Ver\u00f6ffentlichung von Schuldaten bis zum Kopftuchverbot f\u00fcr M\u00e4dchen unter 14 Jahren.     <\/p>\n<p>Die Tage des Ausschlafens sind gez\u00e4hlt: W\u00e4hrend derzeit rund 11.000 Kinder und Jugendliche in Nieder\u00f6sterreich die Sommerschule besuchen, beginnt am Montag, 7. September, f\u00fcr alle rund 200.000 Sch\u00fclerinnen und Sch\u00fcler das neue Schuljahr.<\/p>\n","protected":false},"excerpt":{"rendered":"Stolz, nerv\u00f6s und voller Vorfreude starten 18.000 Kinder am Montag, 7. September, in ihre Schullaufbahn. Foto: Shutterstock\/Savicic, Savicic&hellip;\n","protected":false},"author":2,"featured_media":369270,"comment_status":"","ping_status":"","sticky":false,"template":"","format":"standard","meta":{"footnotes":"","_share_on_mastodon":"0"},"categories":[6],"tags":[3805,46,42,92668,21607,6216,41083,92669,92667,44,724,43,45,92666],"class_list":["post-369269","post","type-post","status-publish","format-standard","has-post-thumbnail","category-oesterreich","tag-_plus","tag-at","tag-austria","tag-bildungsdirektion-niederoesterreich","tag-chancenbonus","tag-christiane-teschl-hofmeister","tag-darueber-spricht-noe","tag-karl-fritthum","tag-kopftuchverbot","tag-oesterreich","tag-redaktion","tag-republic-of-austria","tag-republik-oesterreich","tag-schulbeginn"],"share_on_mastodon":{"url":"","error":""},"_links":{"self":[{"href":"https:\/\/www.europesays.com\/at\/wp-json\/wp\/v2\/posts\/369269","targetHints":{"allow":["GET"]}}],"collection":[{"href":"https:\/\/www.europesays.com\/at\/wp-json\/wp\/v2\/posts"}],"about":[{"href":"https:\/\/www.europesays.com\/at\/wp-json\/wp\/v2\/types\/post"}],"author":[{"embeddable":true,"href":"https:\/\/www.europesays.com\/at\/wp-json\/wp\/v2\/users\/2"}],"replies":[{"embeddable":true,"href":"https:\/\/www.europesays.com\/at\/wp-json\/wp\/v2\/comments?post=369269"}],"version-history":[{"count":0,"href":"https:\/\/www.europesays.com\/at\/wp-json\/wp\/v2\/posts\/369269\/revisions"}],"wp:featuredmedia":[{"embeddable":true,"href":"https:\/\/www.europesays.com\/at\/wp-json\/wp\/v2\/media\/369270"}],"wp:attachment":[{"href":"https:\/\/www.europesays.com\/at\/wp-json\/wp\/v2\/media?parent=369269"}],"wp:term":[{"taxonomy":"category","embeddable":true,"href":"https:\/\/www.europesays.com\/at\/wp-json\/wp\/v2\/categories?post=369269"},{"taxonomy":"post_tag","embeddable":true,"href":"https:\/\/www.europesays.com\/at\/wp-json\/wp\/v2\/tags?post=369269"}],"curies":[{"name":"wp","href":"https:\/\/api.w.org\/{rel}","templated":true}]}}