{"id":369351,"date":"2026-09-01T20:36:08","date_gmt":"2026-09-01T20:36:08","guid":{"rendered":"https:\/\/www.europesays.com\/at\/369351\/"},"modified":"2026-09-01T20:36:08","modified_gmt":"2026-09-01T20:36:08","slug":"schalke-holt-ex-salzburg-stuermer","status":"publish","type":"post","link":"https:\/\/www.europesays.com\/at\/369351\/","title":{"rendered":"Schalke holt Ex-Salzburg-St\u00fcrmer"},"content":{"rendered":"<p>Verst\u00e4rkung f\u00fcr Miron Muslic!<\/p>\n<p>Der <a href=\"https:\/\/www.laola1.at\/de\/daten\/news\/fussball\/fc-schalke-04\/\" class=\"tag\" rel=\"nofollow noopener\" target=\"_blank\">FC Schalke 04<\/a> pr\u00e4sentiert auf den letzten Metern des Transferfensters noch einen neuen St\u00fcrmer. So wechselt Hee-chan Hwang leihweise von den Wolverhampton Wanderers nach Gelsenkirchen.<\/p>\n<p>Laut &#8222;Sky&#8220; soll es zudem eine Kaufoption in H\u00f6he von drei Millionen Euro f\u00fcr den Offensivspieler geben.<\/p>\n<p>Der 30-j\u00e4hrige S\u00fcdkoreaner bringt viel Erfahrung mit, kickte in Deutschland bereits f\u00fcr den HSV und <a href=\"https:\/\/www.laola1.at\/de\/daten\/news\/fussball\/rb-leipzig\/\" class=\"tag\" rel=\"nofollow noopener\" target=\"_blank\">RB Leipzig<\/a>.<\/p>\n<p>Spielte auch in Salzburg<\/p>\n<p>2015 wechselte Hwang aus seiner Heimat zum <a href=\"https:\/\/www.laola1.at\/de\/daten\/news\/fussball\/fc-liefering\/\" class=\"tag\" rel=\"nofollow noopener\" target=\"_blank\">FC Liefering<\/a>, von 2016 bis 2020 spielte der St\u00fcrmer f\u00fcr Red Bull Salzburg in \u00d6sterreich. Zwischenzeitlich war er in der Saison 2018\/19 an den HSV verliehen.<\/p>\n<p>In den letzten vier Jahren war der S\u00fcdkoreaner bei den Wolves, machte dort 150 Spiele (27 Tore). Die Wolves sind heuer in die Championship abgestiegen.<\/p>\n","protected":false},"excerpt":{"rendered":"Verst\u00e4rkung f\u00fcr Miron Muslic! Der FC Schalke 04 pr\u00e4sentiert auf den letzten Metern des Transferfensters noch einen neuen&hellip;\n","protected":false},"author":2,"featured_media":369352,"comment_status":"","ping_status":"","sticky":false,"template":"","format":"standard","meta":{"footnotes":"","_share_on_mastodon":"0"},"categories":[31],"tags":[46,42,37839,1879,1881,4220,964,1880,92682,44,192,1877,54735],"class_list":["post-369351","post","type-post","status-publish","format-standard","has-post-thumbnail","category-salzburg","tag-at","tag-austria","tag-championship","tag-deutsche-bundesliga","tag-deutschland-fussball","tag-fc-schalke-04","tag-fussball","tag-fussball-international","tag-hee-chan-hwang","tag-oesterreich","tag-salzburg","tag-transfermarkt","tag-wolverhampton-wanderers"],"share_on_mastodon":{"url":"https:\/\/pubeurope.com\/@at\/117197706577430211","error":""},"_links":{"self":[{"href":"https:\/\/www.europesays.com\/at\/wp-json\/wp\/v2\/posts\/369351","targetHints":{"allow":["GET"]}}],"collection":[{"href":"https:\/\/www.europesays.com\/at\/wp-json\/wp\/v2\/posts"}],"about":[{"href":"https:\/\/www.europesays.com\/at\/wp-json\/wp\/v2\/types\/post"}],"author":[{"embeddable":true,"href":"https:\/\/www.europesays.com\/at\/wp-json\/wp\/v2\/users\/2"}],"replies":[{"embeddable":true,"href":"https:\/\/www.europesays.com\/at\/wp-json\/wp\/v2\/comments?post=369351"}],"version-history":[{"count":0,"href":"https:\/\/www.europesays.com\/at\/wp-json\/wp\/v2\/posts\/369351\/revisions"}],"wp:featuredmedia":[{"embeddable":true,"href":"https:\/\/www.europesays.com\/at\/wp-json\/wp\/v2\/media\/369352"}],"wp:attachment":[{"href":"https:\/\/www.europesays.com\/at\/wp-json\/wp\/v2\/media?parent=369351"}],"wp:term":[{"taxonomy":"category","embeddable":true,"href":"https:\/\/www.europesays.com\/at\/wp-json\/wp\/v2\/categories?post=369351"},{"taxonomy":"post_tag","embeddable":true,"href":"https:\/\/www.europesays.com\/at\/wp-json\/wp\/v2\/tags?post=369351"}],"curies":[{"name":"wp","href":"https:\/\/api.w.org\/{rel}","templated":true}]}}