{"id":369369,"date":"2026-09-01T20:50:11","date_gmt":"2026-09-01T20:50:11","guid":{"rendered":"https:\/\/www.europesays.com\/at\/369369\/"},"modified":"2026-09-01T20:50:11","modified_gmt":"2026-09-01T20:50:11","slug":"salzburg-leiht-europa-league-gewinner-aus-sky-sport-austria","status":"publish","type":"post","link":"https:\/\/www.europesays.com\/at\/369369\/","title":{"rendered":"Salzburg leiht Europa-League-Gewinner aus &#8211; Sky Sport Austria"},"content":{"rendered":"<p>\t\t\t01.09.2026, 19:43<br \/>\n\t\t\t\t\t\t\t\t\t\t\t\t\u2022<\/p>\n<p>(red)\/Bild: Red Bull Salzburg<\/p>\n<p>Red Bull Salzburg hat die Verpflichtung von Offensivspieler Jesper Lindstr\u00f6m verk\u00fcndet. Der D\u00e4ne wechselt leihweise f\u00fcr eine Saison von Napoli in die Mozartstadt.<\/p>\n<p>Lindstr\u00f6m bringt bereits reichlich internationale Erfahrung mit: F\u00fcr die d\u00e4nische Nationalmannschaft absolvierte er bislang 18 L\u00e4nderspiele. In der deutschen Bundesliga kam der Offensivspieler auf 70 Eins\u00e4tze, in denen er zw\u00f6lf Tore erzielte und neun weitere vorbereitete. F\u00fcr Napoli stehen 22 Serie-A-Partien zu Buche. Zudem kam der Offensivspieler auch schon f\u00fcr Everton in der Premier League zum Einsatz.<\/p>\n<p>Mit Eintracht Frankfurt konnte er im Jahr 2022 unter Trainer Oliver Glasner die Europa League gewinnen. Nach seinem Wechsel von Eintracht Frankfurt zum SSC Neapel konnte sich Lindstr\u00f6m dort nicht dauerhaft durchsetzen. In der Folge wurde der D\u00e4ne zun\u00e4chst an den FC Everton und anschlie\u00dfend an den VfL Wolfsburg verliehen.<\/p>\n<p>\u00a0<\/p>\n<p dir=\"ltr\" lang=\"de\">Servus in Salzburg, Jesper Lindstrom! \ud83d\udd34\u26aa\ufe0f <a href=\"https:\/\/t.co\/BQILmUohmq\" rel=\"nofollow\">pic.twitter.com\/BQILmUohmq<\/a><\/p>\n<p>\u2014 FC Red Bull Salzburg (@RedBullSalzburg) <a href=\"https:\/\/x.com\/RedBullSalzburg\/status\/2094843024593273254?ref_src=twsrc%5Etfw\" rel=\"nofollow\">September 1, 2026<\/a><\/p>\n<p>Salzburg-Sportchef Marcus Mann sagt zum Transfer: \u201eMit Jesper Lindstrom bekommen wir einen international erfahrenen Offensivspieler dazu, der schon einiges erlebt hat und sehr gut zu unserer Idee von Fu\u00dfball passt. Jesper bringt Tempo, technische Qualit\u00e4t und Variabilit\u00e4t mit, kann mehrere Positionen in der Offensive spielen und hat in D\u00e4nemark, Deutschland, Italien und England wichtige Erfahrungen gesammelt. Wir sind \u00fcberzeugt, dass er unserer Mannschaft zus\u00e4tzliche M\u00f6glichkeiten geben wird.\u201c<\/p>\n<p>Blank wird verliehen<\/p>\n<p>Auf der Abgangsseite hatten die Salzburger am Montagabend noch die Personalie Hendry Blank zu vermelden. Der 22-j\u00e4hrige Deutsche wird f\u00fcr ein Jahr zum deutschen Zweitligisten SpVgg Geruhter F\u00fcrth verliehen.<\/p>\n<p data-olk-copy-source=\"MessageBody\">Blank kam Anfang 2024 von Borussia Dortmund nach Salzburg und absolvierte bisher 15 Pflichtspiele f\u00fcr die Roten Bullen, darunter auch Eins\u00e4tze in der UEFA Champions League. In der vergangenen Saison war Blank bereits an Hannover 96 verliehen.<\/p>\n<p><a class=\"ad-msg\" href=\"https:\/\/www.sky.at\/angebote?wkz=AWDSL24&amp;eml=atbac:2026_Sky_Trade_Sport_SSA_Textlink\" target=\"_blank\" rel=\"nofollow noopener\"><img loading=\"lazy\" decoding=\"async\" width=\"640\" height=\"213\" src=\"https:\/\/www.europesays.com\/at\/wp-content\/uploads\/2026\/09\/1788295811_574_Sport_Kampagne_900x300.jpg\" class=\"ad-msg__image ad-msg__image--mobile\" alt=\"Werbung\"  \/><\/a><br \/>\n\t<script async src=\"https:\/\/platform.twitter.com\/widgets.js\" charset=\"utf-8\"><\/script><\/p>\n","protected":false},"excerpt":{"rendered":"01.09.2026, 19:43 \u2022 (red)\/Bild: Red Bull Salzburg Red Bull Salzburg hat die Verpflichtung von Offensivspieler Jesper Lindstr\u00f6m verk\u00fcndet.&hellip;\n","protected":false},"author":2,"featured_media":369370,"comment_status":"","ping_status":"","sticky":false,"template":"","format":"standard","meta":{"footnotes":"","_share_on_mastodon":"0"},"categories":[3],"tags":[76,75,74,92662,192],"class_list":["post-369369","post","type-post","status-publish","format-standard","has-post-thumbnail","category-europa","tag-eu","tag-europa","tag-europe","tag-lindstroem","tag-salzburg"],"share_on_mastodon":{"url":"https:\/\/pubeurope.com\/@at\/117197762586900275","error":""},"_links":{"self":[{"href":"https:\/\/www.europesays.com\/at\/wp-json\/wp\/v2\/posts\/369369","targetHints":{"allow":["GET"]}}],"collection":[{"href":"https:\/\/www.europesays.com\/at\/wp-json\/wp\/v2\/posts"}],"about":[{"href":"https:\/\/www.europesays.com\/at\/wp-json\/wp\/v2\/types\/post"}],"author":[{"embeddable":true,"href":"https:\/\/www.europesays.com\/at\/wp-json\/wp\/v2\/users\/2"}],"replies":[{"embeddable":true,"href":"https:\/\/www.europesays.com\/at\/wp-json\/wp\/v2\/comments?post=369369"}],"version-history":[{"count":0,"href":"https:\/\/www.europesays.com\/at\/wp-json\/wp\/v2\/posts\/369369\/revisions"}],"wp:featuredmedia":[{"embeddable":true,"href":"https:\/\/www.europesays.com\/at\/wp-json\/wp\/v2\/media\/369370"}],"wp:attachment":[{"href":"https:\/\/www.europesays.com\/at\/wp-json\/wp\/v2\/media?parent=369369"}],"wp:term":[{"taxonomy":"category","embeddable":true,"href":"https:\/\/www.europesays.com\/at\/wp-json\/wp\/v2\/categories?post=369369"},{"taxonomy":"post_tag","embeddable":true,"href":"https:\/\/www.europesays.com\/at\/wp-json\/wp\/v2\/tags?post=369369"}],"curies":[{"name":"wp","href":"https:\/\/api.w.org\/{rel}","templated":true}]}}