{"id":369377,"date":"2026-09-01T20:55:23","date_gmt":"2026-09-01T20:55:23","guid":{"rendered":"https:\/\/www.europesays.com\/at\/369377\/"},"modified":"2026-09-01T20:55:23","modified_gmt":"2026-09-01T20:55:23","slug":"nach-drei-pleiten-hat-salzburg-gegen-rapid-einiges-gutzumachen","status":"publish","type":"post","link":"https:\/\/www.europesays.com\/at\/369377\/","title":{"rendered":"Nach drei Pleiten hat Salzburg gegen Rapid &#8222;einiges gutzumachen&#8220;"},"content":{"rendered":"<p>Trainer Stephan Helm blieb naturgem\u00e4\u00df bem\u00fcht, das Bild nicht in zu dunklen Farben zu malen. &#8222;Wir hatten in 41 Tagen elf Spiele, von denen wir sehr viele positiv gestalten konnten&#8220;, meinte der Burgenl\u00e4nder. Zustimmung gab es von Goalie <a href=\"https:\/\/www.laola1.at\/de\/daten\/news\/samuel-sahin-radlinger\/\" class=\"tag\" rel=\"nofollow noopener\" target=\"_blank\">Samuel Sahin-Radlinger<\/a>. Abgesehen von den Partien gegen den WAC und Salzburg seien die Leistungen &#8222;in Ordnung bis gut&#8220; gewesen, stellte der Routinier fest. Und deswegen sei auch die &#8222;Stimmung ganz gut.&#8220;<\/p>\n<p>Helm: &#8222;Wir wollen in die Top sechs kommen&#8220;<\/p>\n<p>Helm, dem gegen die Wattener neben Verteidiger Ibrahim Buhari nach seinem Mittelhandknochenbruch auch Daniel Nnodim zur Verf\u00fcgung steht, wollte die Lage freilich nicht kleinreden. &#8222;Wir m\u00fcssen schon gewarnt sein&#8220;, stellte er fest. Die Situation biete aber &#8211; gerade den jungen Spielern &#8211; einmal mehr die Chance zur Entwicklung. <\/p>\n<p>&#8222;Das wird die Mannschaft in den n\u00e4chsten Wochen deutlich st\u00e4rker machen&#8220;, befand Helm, der weiter fest an die Saisonziele glaubt. &#8222;Wir wollen in die Top sechs kommen. Und ich bin der \u00dcberzeugung, dass wir uns \u00fcber die n\u00e4chsten 18 Spiele hinweg durchsetzen und unser Etappenziel erreichen k\u00f6nnen.&#8220;<\/p>\n<p>Umso wichtiger sind die kommenden Partien gegen die WSG, Austria Lustenau und beim <a href=\"https:\/\/www.laola1.at\/de\/daten\/news\/fussball\/gak\/\" class=\"tag\" rel=\"nofollow noopener\" target=\"_blank\">GAK<\/a>, Ausrutscher eigentlich verboten. Ein Sieg am Mittwoch w\u00fcrde Violett ins Tabellenmittelfeld katapultieren.<\/p>\n<p>Bei der WSG herrscht leichte Aufbruchsstimmung. Mit dem 4:0 \u00fcber Aufsteiger Lustenau gelang in der Vorwoche der erste Sieg, am Montag jubelte man \u00fcber die Verl\u00e4ngerung mit Mittelfeldst\u00fctze <a href=\"https:\/\/www.laola1.at\/de\/daten\/news\/matthaeus-taferner\/\" class=\"tag\" rel=\"nofollow noopener\" target=\"_blank\">Matth\u00e4us Taferner<\/a>. Die Auslands-Hoffnungen des 25-J\u00e4hrigen zerschlugen sich, in Wien steht er vor dem ersten Saisoneinsatz f\u00fcr die WSG.<\/p>\n","protected":false},"excerpt":{"rendered":"Trainer Stephan Helm blieb naturgem\u00e4\u00df bem\u00fcht, das Bild nicht in zu dunklen Farben zu malen. &#8222;Wir hatten in&hellip;\n","protected":false},"author":2,"featured_media":369378,"comment_status":"","ping_status":"","sticky":false,"template":"","format":"standard","meta":{"footnotes":"","_share_on_mastodon":"0"},"categories":[31],"tags":[1069,46,42,61128,1061,1509,964,965,966,44,192,969,3236,2278],"class_list":["post-369377","post","type-post","status-publish","format-standard","has-post-thumbnail","category-salzburg","tag-admiral-bundesliga","tag-at","tag-austria","tag-danny-roehl","tag-fc-red-bull-salzburg","tag-fk-austria-wien","tag-fussball","tag-johannes-hoff-thorup","tag-markus-katzer","tag-oesterreich","tag-salzburg","tag-sk-rapid","tag-stephan-helm","tag-wsg-tirol"],"share_on_mastodon":{"url":"https:\/\/pubeurope.com\/@at\/117197781592428037","error":""},"_links":{"self":[{"href":"https:\/\/www.europesays.com\/at\/wp-json\/wp\/v2\/posts\/369377","targetHints":{"allow":["GET"]}}],"collection":[{"href":"https:\/\/www.europesays.com\/at\/wp-json\/wp\/v2\/posts"}],"about":[{"href":"https:\/\/www.europesays.com\/at\/wp-json\/wp\/v2\/types\/post"}],"author":[{"embeddable":true,"href":"https:\/\/www.europesays.com\/at\/wp-json\/wp\/v2\/users\/2"}],"replies":[{"embeddable":true,"href":"https:\/\/www.europesays.com\/at\/wp-json\/wp\/v2\/comments?post=369377"}],"version-history":[{"count":0,"href":"https:\/\/www.europesays.com\/at\/wp-json\/wp\/v2\/posts\/369377\/revisions"}],"wp:featuredmedia":[{"embeddable":true,"href":"https:\/\/www.europesays.com\/at\/wp-json\/wp\/v2\/media\/369378"}],"wp:attachment":[{"href":"https:\/\/www.europesays.com\/at\/wp-json\/wp\/v2\/media?parent=369377"}],"wp:term":[{"taxonomy":"category","embeddable":true,"href":"https:\/\/www.europesays.com\/at\/wp-json\/wp\/v2\/categories?post=369377"},{"taxonomy":"post_tag","embeddable":true,"href":"https:\/\/www.europesays.com\/at\/wp-json\/wp\/v2\/tags?post=369377"}],"curies":[{"name":"wp","href":"https:\/\/api.w.org\/{rel}","templated":true}]}}