{"id":369405,"date":"2026-09-01T21:14:26","date_gmt":"2026-09-01T21:14:26","guid":{"rendered":"https:\/\/www.europesays.com\/at\/369405\/"},"modified":"2026-09-01T21:14:26","modified_gmt":"2026-09-01T21:14:26","slug":"salzburg-gibt-kjaergaard-an-franzoesischen-topklub-lille-ab-wunsch-hat-geklappt","status":"publish","type":"post","link":"https:\/\/www.europesays.com\/at\/369405\/","title":{"rendered":"Salzburg gibt Kjaergaard an franz\u00f6sischen Topklub Lille ab \u2013 \u201eWunsch hat geklappt\u201c"},"content":{"rendered":"<p>Vertrag bis 2031\u00a0<\/p>\n<p>                                    <img decoding=\"async\" src=\"https:\/\/www.europesays.com\/at\/wp-content\/uploads\/2026\/09\/maurits-kjaergaard-salzburg-2026-1788263130-205036.jpg\" title=\"Salzburg gibt Kjaergaard an franz\u00f6sischen Topklub Lille ab \u2013 \u201eWunsch hat geklappt\u201c\" alt=\"Salzburg gibt Kjaergaard an franz\u00f6sischen Topklub Lille ab \u2013 \u201eWunsch hat geklappt\u201c\" class=\"\"\/><\/p>\n<p>\n                                       \u00a9IMAGO\n                                    <\/p>\n<p>Bundesligist <a title=\"FC Red Bull Salzburg\" href=\"https:\/\/www.transfermarkt.at\/fc-red-bull-salzburg\/startseite\/verein\/409\" target=\"_blank\" rel=\"nofollow noopener\">Red Bull Salzburg<\/a> vermeldete am Dienstag einen Abgang: <a title=\"Maurits Kj\u00e6rgaard\" href=\"https:\/\/www.transfermarkt.at\/maurits-kj-rgaard\/profil\/spieler\/610405\" target=\"_blank\" rel=\"nofollow noopener\">Maurits Kjaergaard<\/a> verl\u00e4sst die Bullen nach \u00fcber sieben Jahren im Verein. Der 23-j\u00e4hrige D\u00e4ne wechselt am franz\u00f6sischen Deadline Day in die Ligue 1 zu Champions-League-Vertreter <a title=\"LOSC Lille\" href=\"https:\/\/www.transfermarkt.at\/losc-lille\/startseite\/verein\/1082\" target=\"_blank\" rel=\"nofollow noopener\">LOSC Lille<\/a>, bei dem er einen bis 2031 laufenden Vertrag erh\u00e4lt. Lille soll sich die Dienste des Mittelfeldspielers marktwertgerechte 8 Mio. Euro kosten lassen.<\/p>\n<p>Insgesamt kam Kjaergaard zu 136 Pflichtspieleins\u00e4tzen f\u00fcr die Salzburger. In der laufenden Saison fand sich der Achter aber zumeist auf der Bank wieder, dreimal kam er f\u00fcr Red Bull noch zum Zug.<\/p>\n<p><\/p>\n<p>\u201eMau hat jetzt sieben Jahre bei uns in Salzburg gespielt und sich vom talentierten Nachwuchsspieler zu einem au\u00dfergew\u00f6hnlichen Profi hochgearbeitet. Umso mehr freuen wir uns f\u00fcr ihn, dass sein Wunsch, in eine europ\u00e4ische Top-Liga zu wechseln, geklappt hat. Wir werden ihn sicherlich auf seinem weiteren Weg verfolgen und w\u00fcnschen ihm bei seinem neuen Klub alles Gute!\u201c, sagte Gesch\u00e4ftsf\u00fchrer Sport <a title=\"Marcus Mann\" href=\"https:\/\/www.transfermarkt.at\/marcus-mann\/profil\/trainer\/47574\" target=\"_blank\" rel=\"nofollow noopener\">Marcus Mann<\/a>.<\/p>\n<p><\/p>\n<p>\n                                Hinweis:<br \/>\n                                Wenn du etwas googelst, bekommst du neben den normalen Ergebnissen auch eine Box mit aktuellen News angezeigt. Wenn du Transfermarkt als bevorzugte Quelle hinterlegst, tauchen unsere Inhalte dort h\u00e4ufiger f\u00fcr dich auf.<br \/>\n                                <a href=\"https:\/\/www.google.com\/preferences\/source?q=transfermarkt.at\" target=\"_blank\" rel=\"noopener noreferrer nofollow\" onclick=\"tmEvent(&#039;news&#039;,&#039;click&#039;,&#039;google-preferences&#039;);&#010;\"><br \/>\n                                    F\u00fcge Transfermarkt hier als bevorzugte Quelle hinzu.                                <\/a>\n                            <\/p>\n","protected":false},"excerpt":{"rendered":"Vertrag bis 2031\u00a0 \u00a9IMAGO Bundesligist Red Bull Salzburg vermeldete am Dienstag einen Abgang: Maurits Kjaergaard verl\u00e4sst die Bullen&hellip;\n","protected":false},"author":2,"featured_media":369406,"comment_status":"","ping_status":"","sticky":false,"template":"","format":"standard","meta":{"footnotes":"","_share_on_mastodon":"0"},"categories":[31],"tags":[46,42,676,1061,31168,51764,12058,44,192],"class_list":["post-369405","post","type-post","status-publish","format-standard","has-post-thumbnail","category-salzburg","tag-at","tag-austria","tag-bundesliga","tag-fc-red-bull-salzburg","tag-ligue-1","tag-losc-lille","tag-maurits-kjaergaard","tag-oesterreich","tag-salzburg"],"share_on_mastodon":{"url":"https:\/\/pubeurope.com\/@at\/117197856805021019","error":""},"_links":{"self":[{"href":"https:\/\/www.europesays.com\/at\/wp-json\/wp\/v2\/posts\/369405","targetHints":{"allow":["GET"]}}],"collection":[{"href":"https:\/\/www.europesays.com\/at\/wp-json\/wp\/v2\/posts"}],"about":[{"href":"https:\/\/www.europesays.com\/at\/wp-json\/wp\/v2\/types\/post"}],"author":[{"embeddable":true,"href":"https:\/\/www.europesays.com\/at\/wp-json\/wp\/v2\/users\/2"}],"replies":[{"embeddable":true,"href":"https:\/\/www.europesays.com\/at\/wp-json\/wp\/v2\/comments?post=369405"}],"version-history":[{"count":0,"href":"https:\/\/www.europesays.com\/at\/wp-json\/wp\/v2\/posts\/369405\/revisions"}],"wp:featuredmedia":[{"embeddable":true,"href":"https:\/\/www.europesays.com\/at\/wp-json\/wp\/v2\/media\/369406"}],"wp:attachment":[{"href":"https:\/\/www.europesays.com\/at\/wp-json\/wp\/v2\/media?parent=369405"}],"wp:term":[{"taxonomy":"category","embeddable":true,"href":"https:\/\/www.europesays.com\/at\/wp-json\/wp\/v2\/categories?post=369405"},{"taxonomy":"post_tag","embeddable":true,"href":"https:\/\/www.europesays.com\/at\/wp-json\/wp\/v2\/tags?post=369405"}],"curies":[{"name":"wp","href":"https:\/\/api.w.org\/{rel}","templated":true}]}}