{"id":369429,"date":"2026-09-01T21:30:13","date_gmt":"2026-09-01T21:30:13","guid":{"rendered":"https:\/\/www.europesays.com\/at\/369429\/"},"modified":"2026-09-01T21:30:13","modified_gmt":"2026-09-01T21:30:13","slug":"fpoe-tina-angela-berger-regierung-laesst-frauen-am-arbeitsmarkt-im-stich","status":"publish","type":"post","link":"https:\/\/www.europesays.com\/at\/369429\/","title":{"rendered":"FP\u00d6 \u2013 Tina Angela Berger: \u201eRegierung l\u00e4sst Frauen am Arbeitsmarkt im Stich!\u201c"},"content":{"rendered":"<p>Wien (OTS) &#8211;\u00a0<\/p>\n<p>Angesichts des dramatischen Anstiegs der Frauenarbeitslosigkeit um 6,3 Prozent warf die stellvertretende FP\u00d6-Frauensprecherin NAbg. Tina Angela Berger der Regierung heute \u201ev\u00f6lliges Versagen\u201c vor. \u201eDas ist die verheerende Quittung f\u00fcr eine wirtschaftsfeindliche Politik und die kaltherzige Anhebung des Frauenpensionsalters. \u00c4ltere Frauen werden in die Arbeitslosigkeit gedr\u00e4ngt, und die zust\u00e4ndige Ministerin tr\u00e4umt von \u201agr\u00fcnen Chancen\u2018. Das ist eine Verh\u00f6hnung jeder einzelnen Betroffenen\u201c, kritisierte Berger.<\/p>\n<p>Anstatt Millionen in ideologische Klimaprojekte und \u201eTransformationsfonds\u201c zu stecken, brauche es echte Entlastung. \u201eEine entlassene Verk\u00e4uferin braucht keine Umschulung zur Windradtechnikerin, sondern einen sicheren Arbeitsplatz. Diese Verlierer-Koalition betreibt reine Klientelpolitik f\u00fcr die links-gr\u00fcne Blase, w\u00e4hrend die Leistungstr\u00e4ger auf der Strecke bleiben, so Berger und weiter: \u201eAnstatt das hart verdiente Steuergeld der \u00d6sterreicher in den Sand zu setzen, muss die Regierung endlich die heimische Wirtschaft entfesseln! Es braucht eine sofortige Entlastungsoffensive und das Ende des B\u00fcrokratie-Wahnsinns, um Arbeitspl\u00e4tze zu sichern. Stattdessen werden Millionen f\u00fcr teuren Gender-Unfug, eine fanatische Klimapolitik, die Massenzuwanderung in unser Sozialsystem und sinnlose Ukraine-Hilfen verpulvert.\u201c<\/p>\n<p _ngcontent-ng-c2115416006=\"\"> OTS-ORIGINALTEXT PRESSEAUSSENDUNG UNTER AUSSCHLIESSLICHER<br \/>\nINHALTLICHER VERANTWORTUNG DES AUSSENDERS &#8211; WWW.OTS.AT | FPK<\/p>\n","protected":false},"excerpt":{"rendered":"Wien (OTS) &#8211;\u00a0 Angesichts des dramatischen Anstiegs der Frauenarbeitslosigkeit um 6,3 Prozent warf die stellvertretende FP\u00d6-Frauensprecherin NAbg. Tina&hellip;\n","protected":false},"author":2,"featured_media":369430,"comment_status":"","ping_status":"","sticky":false,"template":"","format":"standard","meta":{"footnotes":"","_share_on_mastodon":"0"},"categories":[6],"tags":[874,11051,26393,26395,7214,11048,46,42,6865,680,3462,412,44,26394,413,1868,43,45,31708,1121,92706],"class_list":["post-369429","post","type-post","status-publish","format-standard","has-post-thumbnail","category-oesterreich","tag-aktienmarkt","tag-ams","tag-apa","tag-apa-ots","tag-arbeit","tag-arbeitslosigkeit","tag-at","tag-austria","tag-bundesregierung","tag-fpoe","tag-frauen","tag-neos","tag-oesterreich","tag-ots","tag-oevp","tag-regierungspolitik","tag-republic-of-austria","tag-republik-oesterreich","tag-schumann","tag-spoe","tag-tina-angela-berger"],"share_on_mastodon":{"url":"https:\/\/pubeurope.com\/@at\/117197919146083859","error":""},"_links":{"self":[{"href":"https:\/\/www.europesays.com\/at\/wp-json\/wp\/v2\/posts\/369429","targetHints":{"allow":["GET"]}}],"collection":[{"href":"https:\/\/www.europesays.com\/at\/wp-json\/wp\/v2\/posts"}],"about":[{"href":"https:\/\/www.europesays.com\/at\/wp-json\/wp\/v2\/types\/post"}],"author":[{"embeddable":true,"href":"https:\/\/www.europesays.com\/at\/wp-json\/wp\/v2\/users\/2"}],"replies":[{"embeddable":true,"href":"https:\/\/www.europesays.com\/at\/wp-json\/wp\/v2\/comments?post=369429"}],"version-history":[{"count":0,"href":"https:\/\/www.europesays.com\/at\/wp-json\/wp\/v2\/posts\/369429\/revisions"}],"wp:featuredmedia":[{"embeddable":true,"href":"https:\/\/www.europesays.com\/at\/wp-json\/wp\/v2\/media\/369430"}],"wp:attachment":[{"href":"https:\/\/www.europesays.com\/at\/wp-json\/wp\/v2\/media?parent=369429"}],"wp:term":[{"taxonomy":"category","embeddable":true,"href":"https:\/\/www.europesays.com\/at\/wp-json\/wp\/v2\/categories?post=369429"},{"taxonomy":"post_tag","embeddable":true,"href":"https:\/\/www.europesays.com\/at\/wp-json\/wp\/v2\/tags?post=369429"}],"curies":[{"name":"wp","href":"https:\/\/api.w.org\/{rel}","templated":true}]}}