{"id":369433,"date":"2026-09-01T21:33:21","date_gmt":"2026-09-01T21:33:21","guid":{"rendered":"https:\/\/www.europesays.com\/at\/369433\/"},"modified":"2026-09-01T21:33:21","modified_gmt":"2026-09-01T21:33:21","slug":"offiziell-kjaergaard-verlaesst-red-bull-salzburg","status":"publish","type":"post","link":"https:\/\/www.europesays.com\/at\/369433\/","title":{"rendered":"Offiziell: Kjaergaard verl\u00e4sst Red Bull Salzburg"},"content":{"rendered":"<p>Maurits Kjaergaard verl\u00e4sst <a href=\"https:\/\/www.skysportaustria.at\/fussball\/admiral-bundesliga\/red-bull-salzburg\/\" rel=\"nofollow noopener\" target=\"_blank\">Red Bull Salzburg<\/a> nach sieben Jahren. Das geben die \u201eBullen\u201c am Dienstag offiziell bekannt.<\/p>\n<p>Der 23-j\u00e4hrige D\u00e4ne wechselt zum franz\u00f6sischen Erstligisten LOSC Lille. Dort unterschreibt der Mittelfeldspieler einen F\u00fcnfjahresvertrag bis 2031.<\/p>\n<p>Kjaergaard kam im Sommer 2019 f\u00fcr etwa 2,7 Millionen Euro aus seiner d\u00e4nischen Heimat nach Salzburg. Der Mittelfeldspieler bestritt 136 Partien f\u00fcr die Salzburger und steuerte 19 Tore sowie 33 Vorlagen bei.<\/p>\n<p>Mit Salzburg gewann Kjaergaard dreimal die \u00f6sterreichische Meisterschaft und einmal den \u00d6FB-Cup.<\/p>\n<p><a class=\"ad-msg\" href=\"https:\/\/www.sky.at\/angebote?wkz=AWDSL24&amp;eml=atbac:2026_Sky_Trade_Sport_SSA_Textlink\" target=\"_blank\" rel=\"nofollow noopener\"><img loading=\"lazy\" decoding=\"async\" width=\"640\" height=\"213\" src=\"https:\/\/www.europesays.com\/at\/wp-content\/uploads\/2026\/09\/1788298401_830_Sport_Kampagne_900x300.jpg\" class=\"ad-msg__image ad-msg__image--mobile\" alt=\"Werbung\"  \/><\/a><\/p>\n","protected":false},"excerpt":{"rendered":"Maurits Kjaergaard verl\u00e4sst Red Bull Salzburg nach sieben Jahren. Das geben die \u201eBullen\u201c am Dienstag offiziell bekannt. Der&hellip;\n","protected":false},"author":2,"featured_media":369434,"comment_status":"","ping_status":"","sticky":false,"template":"","format":"standard","meta":{"footnotes":"","_share_on_mastodon":"0"},"categories":[31],"tags":[46,42,51764,12058,44,1065,192],"class_list":["post-369433","post","type-post","status-publish","format-standard","has-post-thumbnail","category-salzburg","tag-at","tag-austria","tag-losc-lille","tag-maurits-kjaergaard","tag-oesterreich","tag-red-bull-salzburg","tag-salzburg"],"share_on_mastodon":{"url":"https:\/\/pubeurope.com\/@at\/117197931261053754","error":""},"_links":{"self":[{"href":"https:\/\/www.europesays.com\/at\/wp-json\/wp\/v2\/posts\/369433","targetHints":{"allow":["GET"]}}],"collection":[{"href":"https:\/\/www.europesays.com\/at\/wp-json\/wp\/v2\/posts"}],"about":[{"href":"https:\/\/www.europesays.com\/at\/wp-json\/wp\/v2\/types\/post"}],"author":[{"embeddable":true,"href":"https:\/\/www.europesays.com\/at\/wp-json\/wp\/v2\/users\/2"}],"replies":[{"embeddable":true,"href":"https:\/\/www.europesays.com\/at\/wp-json\/wp\/v2\/comments?post=369433"}],"version-history":[{"count":0,"href":"https:\/\/www.europesays.com\/at\/wp-json\/wp\/v2\/posts\/369433\/revisions"}],"wp:featuredmedia":[{"embeddable":true,"href":"https:\/\/www.europesays.com\/at\/wp-json\/wp\/v2\/media\/369434"}],"wp:attachment":[{"href":"https:\/\/www.europesays.com\/at\/wp-json\/wp\/v2\/media?parent=369433"}],"wp:term":[{"taxonomy":"category","embeddable":true,"href":"https:\/\/www.europesays.com\/at\/wp-json\/wp\/v2\/categories?post=369433"},{"taxonomy":"post_tag","embeddable":true,"href":"https:\/\/www.europesays.com\/at\/wp-json\/wp\/v2\/tags?post=369433"}],"curies":[{"name":"wp","href":"https:\/\/api.w.org\/{rel}","templated":true}]}}