{"id":369467,"date":"2026-09-01T22:01:10","date_gmt":"2026-09-01T22:01:10","guid":{"rendered":"https:\/\/www.europesays.com\/at\/369467\/"},"modified":"2026-09-01T22:01:10","modified_gmt":"2026-09-01T22:01:10","slug":"mit-tschick-geblitzt-hollywoodstar-griffith-entgiftet-am-woerthersee-kronen-zeitung","status":"publish","type":"post","link":"https:\/\/www.europesays.com\/at\/369467\/","title":{"rendered":"Mit \u201eTschick\u201c geblitzt &#8211; Hollywoodstar Griffith \u201eentgiftet\u201c am W\u00f6rthersee &#8211; Kronen Zeitung"},"content":{"rendered":"<p><a href=\"https:\/\/news.google.com\/rss\/articles\/CBMiQkFVX3lxTE10SE55c0RWbzlIYXNRS3NPMllqRVM2a0ZwSXRwd09nb2tHRnd0ZzNuOGdhYTVOZEtWUWtkWWtuZEt3QQ?oc=5\" target=\"_blank\" rel=\"nofollow noopener\">Mit \u201eTschick\u201c geblitzt &#8211; Hollywoodstar Griffith \u201eentgiftet\u201c am W\u00f6rthersee<\/a>&nbsp;&nbsp;Kronen Zeitung<a href=\"https:\/\/news.google.com\/rss\/articles\/CBMijAFBVV95cUxPeEFWUUlXYnRKMVVLODNmVzZILWg0VnFsVGcxN3YzU2RfcndSUGZMeXJlQWRJS0ROMnlYODZyNXJDU1BGUWs2clkwNDlwV2lPdEdOY1ZyUXlnTUphTkZxdjMyTVlLRTZrMUZUdnZMZkZpMXdkbjJIcVl1N081QlFCbTdOSzd6RUFmQzhjXw?oc=5\" target=\"_blank\" rel=\"nofollow noopener\">Fotos aufgetaucht \u2013 Erwischt! Ex-Lugner-Stargast Griffith am W\u00f6rthersee<\/a>&nbsp;&nbsp;Heute<a href=\"https:\/\/news.google.com\/rss\/articles\/CBMi7gFBVV95cUxNTmRxMWJyZlVDTnllQWRWblF2LWNGOC1UQXFZRHBkWDdyUWpudm9FbmdiREFyWmotT0lxaTNfb2JTQmxiQUpscU1KM0NEV0pLNlpHenBQYTlCcFctRGxiTUM5dndhc29UWXVlMkNtNnhBYTZuQW9jQjRxNnBITlZTYjVTcFR1alpQaE1Eek43RC1kdVl5b2Y1RmpRN1ZRUmdONkZ6b3phVWNjQ1NJZC1iLUpFT2o2TThiS19SNnV6d29lT05Lc0dSQlVGN2dCRGVWcVZDY1hfam82TEJweExETEVKNk9kblBKWW5mTExn?oc=5\" target=\"_blank\" rel=\"nofollow noopener\">Hollywoodstar Melanie Griffith entgiftet am W\u00f6rthersee! Aber: Raucherpause muss sein<\/a>&nbsp;&nbsp;BILD<a href=\"https:\/\/news.google.com\/rss\/articles\/CBMimgFBVV95cUxQcF9NM0hRVXc0STFwM3BqdjBtWEVrRWhQVFNIbEluaHBBYlRTRXJjMFJMNmJHZXVzbHhfR1UyM01wQ3A2VEtSMGFNdG5fTUVGVlNxOEx6aGZsSWNiVWJuQUhsbUVSek5qZU1WOWU1RnJNa0o2WU9GLWNKdVAwbEQ4cnZhNU5uamxLUkVQUG40WUxXRmNObWh2RDNn0gGfAUFVX3lxTE9fZndqUGR6ZWFzRldoVzlZd3YtZmEzRUdlT3RucnFxV2lJUXFuYnppUlY1TGR5SkVzOGpZQTZ1Y3Q4ZnNCTGVqdi1mZU5BQzdWMnlWZUxXTmwyQWV4cl9jT1VLWTlZREJKM3E1ZTVwU1ZNRHlQcWZUTUxMcmU1UGRHWWdZWGx0Sk1Oc21FYWNtYkkxRmF5aE52TGhiRXY1MA?oc=5\" target=\"_blank\" rel=\"nofollow noopener\">Hollywood-Star Melanie Griffith auf Detox-Kur in \u00d6sterreich<\/a>&nbsp;&nbsp;oe24<a href=\"https:\/\/news.google.com\/rss\/articles\/CBMihwFBVV95cUxQV0dmR2R5bG9NVFh3Y2JERC1KZXI5M2l2cVlOQnRPcnZwVHA3X1RVbHZlYnN0UUcxTUI2dGlnd1pWSjRKR2Q0elRYWE5vY0JrZ3hxdElrczR0dWkzZ1drT3VPb2ZvMFY5Z0xwS0ZBREZZS1VSVWNTTnBwTnNWblU4STU4bndGa00?oc=5\" target=\"_blank\" rel=\"nofollow noopener\">\u00dcberraschung am W\u00f6rthersee: Hollywood-Star kurt in K\u00e4rnten<\/a>&nbsp;&nbsp;weekend.at<\/p>\n","protected":false},"excerpt":{"rendered":"Mit \u201eTschick\u201c geblitzt &#8211; Hollywoodstar Griffith \u201eentgiftet\u201c am W\u00f6rthersee&nbsp;&nbsp;Kronen ZeitungFotos aufgetaucht \u2013 Erwischt! Ex-Lugner-Stargast Griffith am W\u00f6rthersee&nbsp;&nbsp;HeuteHollywoodstar Melanie&hellip;\n","protected":false},"author":2,"featured_media":369468,"comment_status":"","ping_status":"","sticky":false,"template":"","format":"standard","meta":{"footnotes":"","_share_on_mastodon":"0"},"categories":[22],"tags":[46,42,32339,147,92487,2197,9844,3552,27737,38224,44,148,5377],"class_list":["post-369467","post","type-post","status-publish","format-standard","has-post-thumbnail","category-unterhaltung","tag-at","tag-austria","tag-elizabeth-hurley","tag-entertainment","tag-griffith","tag-kaernten","tag-kate-moss","tag-los-angeles","tag-melanie-griffith","tag-naomi-campbell","tag-oesterreich","tag-unterhaltung","tag-woerthersee"],"share_on_mastodon":{"url":"","error":""},"_links":{"self":[{"href":"https:\/\/www.europesays.com\/at\/wp-json\/wp\/v2\/posts\/369467","targetHints":{"allow":["GET"]}}],"collection":[{"href":"https:\/\/www.europesays.com\/at\/wp-json\/wp\/v2\/posts"}],"about":[{"href":"https:\/\/www.europesays.com\/at\/wp-json\/wp\/v2\/types\/post"}],"author":[{"embeddable":true,"href":"https:\/\/www.europesays.com\/at\/wp-json\/wp\/v2\/users\/2"}],"replies":[{"embeddable":true,"href":"https:\/\/www.europesays.com\/at\/wp-json\/wp\/v2\/comments?post=369467"}],"version-history":[{"count":0,"href":"https:\/\/www.europesays.com\/at\/wp-json\/wp\/v2\/posts\/369467\/revisions"}],"wp:featuredmedia":[{"embeddable":true,"href":"https:\/\/www.europesays.com\/at\/wp-json\/wp\/v2\/media\/369468"}],"wp:attachment":[{"href":"https:\/\/www.europesays.com\/at\/wp-json\/wp\/v2\/media?parent=369467"}],"wp:term":[{"taxonomy":"category","embeddable":true,"href":"https:\/\/www.europesays.com\/at\/wp-json\/wp\/v2\/categories?post=369467"},{"taxonomy":"post_tag","embeddable":true,"href":"https:\/\/www.europesays.com\/at\/wp-json\/wp\/v2\/tags?post=369467"}],"curies":[{"name":"wp","href":"https:\/\/api.w.org\/{rel}","templated":true}]}}