{"id":369469,"date":"2026-09-01T22:03:11","date_gmt":"2026-09-01T22:03:11","guid":{"rendered":"https:\/\/www.europesays.com\/at\/369469\/"},"modified":"2026-09-01T22:03:11","modified_gmt":"2026-09-01T22:03:11","slug":"mit-kaufverpflichtung-eintracht-frankfurt-verleiht-larsson-in-die-premier-league","status":"publish","type":"post","link":"https:\/\/www.europesays.com\/at\/369469\/","title":{"rendered":"Mit Kaufverpflichtung: Eintracht Frankfurt verleiht Larsson in die Premier League"},"content":{"rendered":"<p> <img decoding=\"async\" src=\"https:\/\/www.europesays.com\/at\/wp-content\/uploads\/2026\/09\/8b96a6f9721f2f214c51a660f99f04196b1913a1.jpg\" alt=\"\"\/> <\/p>\n<p>Fu\u00dfball-Bundesligist SG Eintracht Frankfurt hat ganz kurz vor Transferschluss noch einen Spieler abgegeben &#8211; der erhoffte Gewinn wird allerdings erst im kommenden Jahr verbucht. Wie die SGE mitteilte, wechselt der schwedische Nationalspieler Hugo Larsson zur Leihe mit Kaufverpflichtung, &#8222;die unter bestimmten Voraussetzungen greift&#8220;, zum FC Fulham in die Premier League. Medienberichten zufolge sollen die Hessen bis zu 25 Millionen Euro kassieren k\u00f6nnen.<\/p>\n<p><img decoding=\"async\" src=\"https:\/\/www.europesays.com\/at\/wp-content\/uploads\/2026\/09\/40731a1135c49222179dabedfed511a0b9a0b4c3.jpg\" alt=\"Hugo Larsson wechselt nach England (Foto: picture-alliance\/Kessler-Sportfotografie\/picture-alliance\/Kessler-Sportfotografie\/SID\/J\u00fcrgen Kessler)\"\/><\/p>\n<p>Hugo Larsson wechselt nach England<\/p>\n<p>Foto: picture-alliance\/Kessler-Sportfotografie\/picture-alliance\/Kessler-Sportfotografie\/SID\/J\u00fcrgen Kessler<\/p>\n<p>Der Mittelfeldspieler war 2023 vom Malm\u00f6 FF nach Hessen gewechselt und hatte in seiner Premierensaison wettbewerbs\u00fcbergreifend 38 Eins\u00e4tze vorzuweisen. Im Oktober 2024 verl\u00e4ngerten die Eintracht und Larsson den Vertrag fr\u00fchzeitig um ein Jahr bis 2029.<\/p>\n<p class=\"text-secondary\">\u00a9 2026 SID<\/p>\n","protected":false},"excerpt":{"rendered":"Fu\u00dfball-Bundesligist SG Eintracht Frankfurt hat ganz kurz vor Transferschluss noch einen Spieler abgegeben &#8211; der erhoffte Gewinn wird&hellip;\n","protected":false},"author":2,"featured_media":369470,"comment_status":"","ping_status":"","sticky":false,"template":"","format":"standard","meta":{"footnotes":"","_share_on_mastodon":"0"},"categories":[18],"tags":[46,42,3520,71510,50111,92713,44,109,108],"class_list":["post-369469","post","type-post","status-publish","format-standard","has-post-thumbnail","category-sport","tag-at","tag-austria","tag-eintracht-frankfurt","tag-fc-fulham","tag-hugo-larsson","tag-kaufverpflichtung","tag-oesterreich","tag-sport","tag-sports"],"share_on_mastodon":{"url":"https:\/\/pubeurope.com\/@at\/117198049389237131","error":""},"_links":{"self":[{"href":"https:\/\/www.europesays.com\/at\/wp-json\/wp\/v2\/posts\/369469","targetHints":{"allow":["GET"]}}],"collection":[{"href":"https:\/\/www.europesays.com\/at\/wp-json\/wp\/v2\/posts"}],"about":[{"href":"https:\/\/www.europesays.com\/at\/wp-json\/wp\/v2\/types\/post"}],"author":[{"embeddable":true,"href":"https:\/\/www.europesays.com\/at\/wp-json\/wp\/v2\/users\/2"}],"replies":[{"embeddable":true,"href":"https:\/\/www.europesays.com\/at\/wp-json\/wp\/v2\/comments?post=369469"}],"version-history":[{"count":0,"href":"https:\/\/www.europesays.com\/at\/wp-json\/wp\/v2\/posts\/369469\/revisions"}],"wp:featuredmedia":[{"embeddable":true,"href":"https:\/\/www.europesays.com\/at\/wp-json\/wp\/v2\/media\/369470"}],"wp:attachment":[{"href":"https:\/\/www.europesays.com\/at\/wp-json\/wp\/v2\/media?parent=369469"}],"wp:term":[{"taxonomy":"category","embeddable":true,"href":"https:\/\/www.europesays.com\/at\/wp-json\/wp\/v2\/categories?post=369469"},{"taxonomy":"post_tag","embeddable":true,"href":"https:\/\/www.europesays.com\/at\/wp-json\/wp\/v2\/tags?post=369469"}],"curies":[{"name":"wp","href":"https:\/\/api.w.org\/{rel}","templated":true}]}}