{"id":369485,"date":"2026-09-01T22:16:18","date_gmt":"2026-09-01T22:16:18","guid":{"rendered":"https:\/\/www.europesays.com\/at\/369485\/"},"modified":"2026-09-01T22:16:18","modified_gmt":"2026-09-01T22:16:18","slug":"frische-ideen-neue-c2-kreativagentur-bringt-frischen-wind-nach-tillmitsch","status":"publish","type":"post","link":"https:\/\/www.europesays.com\/at\/369485\/","title":{"rendered":"Frische Ideen: Neue C2 Kreativagentur bringt frischen Wind nach Tillmitsch"},"content":{"rendered":"<p>In Tillmitsch verbindet die Kreativagentur C2 kreative Ideen mit technischem Know-how und langj\u00e4hriger Erfahrung zu ma\u00dfgeschneiderten Werbel\u00f6sungen. Ob Grafikdesign, Webauftritt, Social Media oder Beschriftungen: C2 entwickelt individuelle L\u00f6sungen, die Marken sichtbar machen und nachhaltig in Erinnerung bleiben.<\/p>\n<p>Seit J\u00e4nner 2026 sorgt die Kreativagentur C2 in Tillmitsch f\u00fcr frischen Wind in der regionalen Werbe- und Designlandschaft. Hinter dem Unternehmen stehen Christian Nagy und Christina Engelbrecht, die ihren Weg in die Selbstst\u00e4ndigkeit auf besondere Weise gefunden haben. <\/p>\n<p>\u201eEs war wohl einer dieser Tage, an denen das Schicksal besonders kreativ war, als wir als neue Arbeitskollegen aufeinandertrafen. Wir teilen fast denselben Namen, dieselben Wurzeln, das gleiche Sternzeichen und vor allem die gleiche Leidenschaft: Grafikdesign. Schon bald war klar, dass wir gemeinsam den Schritt in die Selbstst\u00e4ndigkeit wagen m\u00f6chten. Mit einem Koffer voller Ideen haben wir in Tillmitsch Wurzeln geschlagen und unser kreatives Feuer entfacht\u201c.<br \/>Christina Engelbrecht.<\/p>\n<p><img class=\"imagecontainer\" decoding=\"auto\" data-aspect-ratio=\"1.50042337\" src=\"https:\/\/www.europesays.com\/at\/wp-content\/uploads\/2026\/09\/52234160_L.webp\" style=\"object-position: 42% 35%;\" data-object-position=\"42% 35%\"\/><\/p>\n<p>Hier entsteht gute Werbung<\/p>\n<p>Die beiden erg\u00e4nzen sich dabei ideal: Christian Nagy bringt als technischer Kopf 18 Jahre Erfahrung in der Druckvorstufe mit und \u00fcberzeugt durch Pr\u00e4zision, Struktur und Schnelligkeit. Christina Engelbrecht verf\u00fcgt \u00fcber 19 Jahre Erfahrung als Grafik- und Webdesignerin und besitzt ein ausgepr\u00e4gtes Gesp\u00fcr f\u00fcr Design, Stil und Storytelling. Gemeinsam bieten sie mit der C2 Kreativagentur ein breites Leistungsspektrum an, das von Grafik- und Webdesign \u00fcber Social-Media-Betreuung bis hin zu Kfz- und Werbebeschriftungen sowie Textilveredelung reicht. <\/p>\n<p>Neben frischen Ideen, kreativer Energie und pers\u00f6nlicher Beratung stehen f\u00fcr die beiden Unternehmer Ehrlichkeit, Verl\u00e4sslichkeit, offene Kommunikation und eine faire Preisgestaltung im Mittelpunkt. Wer neue Ideen verwirklichen oder ein Projekt professionell umsetzen m\u00f6chte, findet in der C2 Kreativagentur in Tillmitsch engagierte und kompetente Ansprechpartner.<\/p>\n<p>Kontakt und weitere Infos<\/p>\n<p>C2 Kreativagentur<br \/>Gewerbepark 12 B<br \/>8434 Tillmitsch<br \/>E-Mail: <a href=\"https:\/\/www.meinbezirk.at\/leibnitz\/c-lokales\/mailto:office@c-zwei.at\" onclick=\"window.open(this.href); return false;\" rel=\"sponsored nofollow noopener\" target=\"_blank\">office@c-zwei.at<\/a><br \/>Tel: <a href=\"https:\/\/www.meinbezirk.at\/leibnitz\/c-lokales\/tel:0043664\/51 38 420\" onclick=\"window.open(this.href); return false;\" rel=\"sponsored nofollow noopener\" target=\"_blank\">0664\/51 38 420<\/a> oder<br \/><a href=\"https:\/\/www.meinbezirk.at\/leibnitz\/c-lokales\/tel:0043664\/57 11 437\" onclick=\"window.open(this.href); return false;\" rel=\"sponsored nofollow noopener\" target=\"_blank\">0664\/57 11 437<\/a><br \/><a href=\"https:\/\/www.c-zwei.at\/\" onclick=\"window.open(this.href); return false;\" rel=\"sponsored nofollow noopener\" target=\"_blank\">www.c-zwei.at<\/a><\/p>\n<p><img class=\"imagecontainer\" decoding=\"auto\" data-aspect-ratio=\"1.017811705\" src=\"https:\/\/media04.meinbezirk.at\/article\/2026\/08\/21\/4\/52234454_L.webp?1787302591\" bad-src=\"data:image\/gif;base64,R0lGODlhAQABAIAAAAAAAP\/\/\/yH5BAEAAAAALAAAAAABAAEAAAIBRAA7\"\/><\/p>\n","protected":false},"excerpt":{"rendered":"In Tillmitsch verbindet die Kreativagentur C2 kreative Ideen mit technischem Know-how und langj\u00e4hriger Erfahrung zu ma\u00dfgeschneiderten Werbel\u00f6sungen. Ob&hellip;\n","protected":false},"author":2,"featured_media":369486,"comment_status":"","ping_status":"","sticky":false,"template":"","format":"standard","meta":{"footnotes":"","_share_on_mastodon":"0"},"categories":[26],"tags":[158,157,46,42,159,147,161,160,44,148],"class_list":["post-369485","post","type-post","status-publish","format-standard","has-post-thumbnail","category-kunst-und-design","tag-art","tag-art-and-design","tag-at","tag-austria","tag-design","tag-entertainment","tag-kunst","tag-kunst-und-design","tag-oesterreich","tag-unterhaltung"],"share_on_mastodon":{"url":"https:\/\/pubeurope.com\/@at\/117198100626873198","error":""},"_links":{"self":[{"href":"https:\/\/www.europesays.com\/at\/wp-json\/wp\/v2\/posts\/369485","targetHints":{"allow":["GET"]}}],"collection":[{"href":"https:\/\/www.europesays.com\/at\/wp-json\/wp\/v2\/posts"}],"about":[{"href":"https:\/\/www.europesays.com\/at\/wp-json\/wp\/v2\/types\/post"}],"author":[{"embeddable":true,"href":"https:\/\/www.europesays.com\/at\/wp-json\/wp\/v2\/users\/2"}],"replies":[{"embeddable":true,"href":"https:\/\/www.europesays.com\/at\/wp-json\/wp\/v2\/comments?post=369485"}],"version-history":[{"count":0,"href":"https:\/\/www.europesays.com\/at\/wp-json\/wp\/v2\/posts\/369485\/revisions"}],"wp:featuredmedia":[{"embeddable":true,"href":"https:\/\/www.europesays.com\/at\/wp-json\/wp\/v2\/media\/369486"}],"wp:attachment":[{"href":"https:\/\/www.europesays.com\/at\/wp-json\/wp\/v2\/media?parent=369485"}],"wp:term":[{"taxonomy":"category","embeddable":true,"href":"https:\/\/www.europesays.com\/at\/wp-json\/wp\/v2\/categories?post=369485"},{"taxonomy":"post_tag","embeddable":true,"href":"https:\/\/www.europesays.com\/at\/wp-json\/wp\/v2\/tags?post=369485"}],"curies":[{"name":"wp","href":"https:\/\/api.w.org\/{rel}","templated":true}]}}