{"id":369529,"date":"2026-09-01T22:47:12","date_gmt":"2026-09-01T22:47:12","guid":{"rendered":"https:\/\/www.europesays.com\/at\/369529\/"},"modified":"2026-09-01T22:47:12","modified_gmt":"2026-09-01T22:47:12","slug":"vuelta-tronchon-gewinnt-10-etappe-gogl-flucht-unbelohnt-kronen-zeitung","status":"publish","type":"post","link":"https:\/\/www.europesays.com\/at\/369529\/","title":{"rendered":"Vuelta &#8211; Tronchon gewinnt 10. Etappe, Gogl-Flucht unbelohnt &#8211; Kronen Zeitung"},"content":{"rendered":"<p><a href=\"https:\/\/news.google.com\/rss\/articles\/CBMiQkFVX3lxTE9HQk1MdE0yMXVZeXRRNFBiZk5zSFVZa3k0UzZtYjUtNEM4MThyVVV6aGdFcWNkUXZOemlNYlZxWVRKdw?oc=5\" target=\"_blank\" rel=\"nofollow noopener\">Vuelta &#8211; Tronchon gewinnt 10. Etappe, Gogl-Flucht unbelohnt<\/a>&nbsp;&nbsp;Kronen Zeitung<a href=\"https:\/\/news.google.com\/rss\/articles\/CBMiugFBVV95cUxPRE5haVNkb25NcTUwclpDU0hnVGlnR1ZPYjBfSTZoZWJ3ZW82QS1aY21IRDNmTTM5eVJjTksxSkFuaEt6TFBMVjF4amdiaGZVZ2hvSXM0VkJ4V2tBS0ppTGxNTm5WcC0tM3Q5c2E0cHlCVkhCUGtmNzBBMzR4dnpCNHkybTNIUHBnOC1fLV9uTU5RUFRob2VMcWZNdFllMjU2V1pYQllCRlZjb2RqYllablVfOFFCa2FtRHc?oc=5\" target=\"_blank\" rel=\"nofollow noopener\">Vuelta: Ausrei\u00dfer Gogl im Finish gestellt, Tronchon gewinnt im Sprint<\/a>&nbsp;&nbsp;Der Standard<a href=\"https:\/\/news.google.com\/rss\/articles\/CBMixAFBVV95cUxOOGN6ZHBFLTB0R3NtbDVfMkZOSm84TDE0OVRpWDZFdjU1MTlGM292SjNLYS05eWU5SWxPMWo5MWpRSXRpX1lSOHVNZFFSY2JtTjJqX0RGQnN6bUVFTWdZYlRwRWpzUVFqUWZSZW1STUxoVS1YQzJTMV8xbWYtaEE4ckUwLW4wQS1uck52Uk1IdE42VWUzMG1qTjd0amJ5bkQxX0NSUGx0LTlMdE1aSHNsUDVyckt4RFdFS1VVbno2V2pXUWs0?oc=5\" target=\"_blank\" rel=\"nofollow noopener\">Vuelta: Enric Mas behauptet nach Pogacar-Aus das Rote Trikot<\/a>&nbsp;&nbsp;sportschau.de<a href=\"https:\/\/news.google.com\/rss\/articles\/CBMilgFBVV95cUxPLUFtcFJhZXBGMC1Ic3lfX1RYLWItaXYxb2RiX1haR2lqeFJhUWhrUlZKS3dIZHptdG1sQlNCLTFBN1dKeV9IUkV2SjVpY2o2MFFZcnNQQm13UVR2VXNQY2VlMGtpRVpNdjRwWlNuNkVaQUFKUjFIVTg1amg1Z3Vuc3RpUlpzQV9CTkh4RmpaTVU5SEllcEE?oc=5\" target=\"_blank\" rel=\"nofollow noopener\">Vorschau 10. Etappe Vuelta a Espa\u00f1a 2026: ein Tag f\u00fcr Ausrei\u00dfer?<\/a>&nbsp;&nbsp;Alpecin Cycling<\/p>\n","protected":false},"excerpt":{"rendered":"Vuelta &#8211; Tronchon gewinnt 10. Etappe, Gogl-Flucht unbelohnt&nbsp;&nbsp;Kronen ZeitungVuelta: Ausrei\u00dfer Gogl im Finish gestellt, Tronchon gewinnt im Sprint&nbsp;&nbsp;Der&hellip;\n","protected":false},"author":2,"featured_media":369530,"comment_status":"","ping_status":"","sticky":false,"template":"","format":"standard","meta":{"footnotes":"","_share_on_mastodon":"0"},"categories":[8],"tags":[92721,92722,92723,92124,47620,47621,92724,92725,36948,40,41,80135,39,92726,92727,38,32832],"class_list":["post-369529","post","type-post","status-publish","format-standard","has-post-thumbnail","category-nachrichten","tag-bastien-tronchon","tag-cartagena","tag-elche-de-la-sierra","tag-enric-mas","tag-felix-gall","tag-gregor-muehlberger","tag-lorca","tag-magnus-cort","tag-michael-gogl","tag-nachrichten","tag-news","tag-primoz-roglic","tag-schlagzeilen","tag-sierra-de-alcaraz","tag-thibau-nys","tag-top-meldungen","tag-wout-van-aert"],"share_on_mastodon":{"url":"https:\/\/pubeurope.com\/@at\/117198221674554850","error":""},"_links":{"self":[{"href":"https:\/\/www.europesays.com\/at\/wp-json\/wp\/v2\/posts\/369529","targetHints":{"allow":["GET"]}}],"collection":[{"href":"https:\/\/www.europesays.com\/at\/wp-json\/wp\/v2\/posts"}],"about":[{"href":"https:\/\/www.europesays.com\/at\/wp-json\/wp\/v2\/types\/post"}],"author":[{"embeddable":true,"href":"https:\/\/www.europesays.com\/at\/wp-json\/wp\/v2\/users\/2"}],"replies":[{"embeddable":true,"href":"https:\/\/www.europesays.com\/at\/wp-json\/wp\/v2\/comments?post=369529"}],"version-history":[{"count":0,"href":"https:\/\/www.europesays.com\/at\/wp-json\/wp\/v2\/posts\/369529\/revisions"}],"wp:featuredmedia":[{"embeddable":true,"href":"https:\/\/www.europesays.com\/at\/wp-json\/wp\/v2\/media\/369530"}],"wp:attachment":[{"href":"https:\/\/www.europesays.com\/at\/wp-json\/wp\/v2\/media?parent=369529"}],"wp:term":[{"taxonomy":"category","embeddable":true,"href":"https:\/\/www.europesays.com\/at\/wp-json\/wp\/v2\/categories?post=369529"},{"taxonomy":"post_tag","embeddable":true,"href":"https:\/\/www.europesays.com\/at\/wp-json\/wp\/v2\/tags?post=369529"}],"curies":[{"name":"wp","href":"https:\/\/api.w.org\/{rel}","templated":true}]}}