{"id":369537,"date":"2026-09-01T22:57:24","date_gmt":"2026-09-01T22:57:24","guid":{"rendered":"https:\/\/www.europesays.com\/at\/369537\/"},"modified":"2026-09-01T22:57:24","modified_gmt":"2026-09-01T22:57:24","slug":"diese-doku-versteckt-die-ard-in-ihrer-mediathek","status":"publish","type":"post","link":"https:\/\/www.europesays.com\/at\/369537\/","title":{"rendered":"Diese Doku versteckt die ARD in ihrer Mediathek"},"content":{"rendered":"<p>Seit mehr als 30 Jahren z\u00e4hlt der KitKatClub zu den bekanntesten Adressen der internationalen Clubszene. Besucher aus aller Welt kommen nach Berlin, um die Mischung aus Techno, Fetisch und sexpositiver Clubkultur zu erleben. Die strenge Auswahl am Eingang und der Schutz der Privatsph\u00e4re geh\u00f6ren zum Konzept der Nachtschw\u00e4rmer-Adresse. Fotos und Videos sind im Inneren normalerweise tabu. Umso ungew\u00f6hnlicher ist die neue ARD-Produktion: F\u00fcr &#8222;<a href=\"https:\/\/www.ard.de\/ardkultur\/presse\/legendaere-clubs-in-berlin,pressemitteilung-one-night-at-kitkat-club-100.html\" rel=\"noopener nofollow\" target=\"_blank\" class=\"textLink\" data-v-cc39863d=\"\">One Night at KitKat<\/a>&#8220; durfte ein Filmteam im Club drehen und Besucher wie auch Menschen hinter den Kulissen begleiten. Die Dokumentation verspricht damit einen Einblick in eine Welt, die vielen sonst weitgehend verborgen bleibt.<\/p>\n<p>Mehr als nur eine Partynacht<\/p>\n<p>Im Mittelpunkt stehen die Geschichten verschiedener Protagonisten. Zu ihnen geh\u00f6ren KitKat-DJ Don Basti und seine Freundin Nora, die \u00fcber pers\u00f6nliche Krisen, ihr K\u00f6rpergef\u00fchl und den Weg zu mehr Selbstsicherheit sprechen. Auch Megan kommt zu Wort. Die fr\u00fchere K\u00f6chin arbeitet heute als Domina und berichtet \u00fcber sexuelle Selbstbestimmung. Zugleich thematisiert die Doku Grenz\u00fcberschreitungen und die Frage, wie pers\u00f6nliche Freiheit und Sicherheit miteinander vereinbart werden k\u00f6nnen. Vertrauen, Kommunikation und gegenseitiger Respekt spielen dabei eine wichtige Rolle.<\/p>\n<p>Start in der ARD-Mediathek<\/p>\n<p>Gedreht wurde w\u00e4hrend der bekannten KitKat-Nacht am Samstag. Die Regisseure Mohsen Najafi Mehri und Diba Darbari wollten den Club und seine Besucher m\u00f6glichst vielschichtig zeigen \u2013 ohne die Szene zu bewerten oder einen voyeuristischen Blick zu erzeugen. Wegen Nacktheit und sexueller Inhalte ist &#8222;One Night at KitKat&#8220; f\u00fcr Menschen ab 16 Jahren freigegeben. Die Dokumentation startet am 30. September 2026 in der ARD Mediathek. Am 8. Oktober 2026 um 22:55 Uhr l\u00e4uft sie au\u00dferdem bei 3sat \u2013 und erm\u00f6glicht einen seltenen Blick hinter eine der bekanntesten Clubt\u00fcren Berlins.<\/p>\n<p>\ud83d\udca1 Tipp: Sehen Sie COMPUTER BILD-Inhalte \u00f6fter bei Google \u2013 auch in den News. Einfach auf den Link klicken, Haken setzen, Tab schlie\u00dfen. Fertig. <br data-v-937b0851=\"\"\/><a href=\"https:\/\/www.google.com\/preferences\/source?q=https:\/\/www.computerbild.de\/\" rel=\"noopener noreferrer nofollow\" target=\"_blank\" class=\"textLink\" data-v-937b0851=\"\">COMPUTER BILD als Quelle festlegen<\/a><\/p>\n","protected":false},"excerpt":{"rendered":"Seit mehr als 30 Jahren z\u00e4hlt der KitKatClub zu den bekanntesten Adressen der internationalen Clubszene. Besucher aus aller&hellip;\n","protected":false},"author":2,"featured_media":369538,"comment_status":"","ping_status":"","sticky":false,"template":"","format":"standard","meta":{"footnotes":"","_share_on_mastodon":"0"},"categories":[23],"tags":[2608,46,42,22993,151,20591,5374,3769,92731,147,27501,18737,92730,6994,31082,152,92729,92732,27463,21898,150,41,92728,6451,44,3346,838,5087,33091,148],"class_list":["post-369537","post","type-post","status-publish","format-standard","has-post-thumbnail","category-kino","tag-ard","tag-at","tag-austria","tag-berliner","tag-cinema","tag-club","tag-doku","tag-einblicke","tag-einlasskontrolle","tag-entertainment","tag-filmteam","tag-geheimnisse","tag-handyfotos","tag-home","tag-keine","tag-kino","tag-kitkat","tag-kitkatclub","tag-kult","tag-mediathek","tag-movie","tag-news","tag-night","tag-one","tag-oesterreich","tag-ratgeber","tag-streaming","tag-tests","tag-tueren","tag-unterhaltung"],"share_on_mastodon":{"url":"https:\/\/pubeurope.com\/@at\/117198261310002084","error":""},"_links":{"self":[{"href":"https:\/\/www.europesays.com\/at\/wp-json\/wp\/v2\/posts\/369537","targetHints":{"allow":["GET"]}}],"collection":[{"href":"https:\/\/www.europesays.com\/at\/wp-json\/wp\/v2\/posts"}],"about":[{"href":"https:\/\/www.europesays.com\/at\/wp-json\/wp\/v2\/types\/post"}],"author":[{"embeddable":true,"href":"https:\/\/www.europesays.com\/at\/wp-json\/wp\/v2\/users\/2"}],"replies":[{"embeddable":true,"href":"https:\/\/www.europesays.com\/at\/wp-json\/wp\/v2\/comments?post=369537"}],"version-history":[{"count":0,"href":"https:\/\/www.europesays.com\/at\/wp-json\/wp\/v2\/posts\/369537\/revisions"}],"wp:featuredmedia":[{"embeddable":true,"href":"https:\/\/www.europesays.com\/at\/wp-json\/wp\/v2\/media\/369538"}],"wp:attachment":[{"href":"https:\/\/www.europesays.com\/at\/wp-json\/wp\/v2\/media?parent=369537"}],"wp:term":[{"taxonomy":"category","embeddable":true,"href":"https:\/\/www.europesays.com\/at\/wp-json\/wp\/v2\/categories?post=369537"},{"taxonomy":"post_tag","embeddable":true,"href":"https:\/\/www.europesays.com\/at\/wp-json\/wp\/v2\/tags?post=369537"}],"curies":[{"name":"wp","href":"https:\/\/api.w.org\/{rel}","templated":true}]}}