{"id":369599,"date":"2026-09-01T23:38:12","date_gmt":"2026-09-01T23:38:12","guid":{"rendered":"https:\/\/www.europesays.com\/at\/369599\/"},"modified":"2026-09-01T23:38:12","modified_gmt":"2026-09-01T23:38:12","slug":"wurmbrand-nach-deutschland-rapid-lehnte-wohl-zwei-angebote-ab","status":"publish","type":"post","link":"https:\/\/www.europesays.com\/at\/369599\/","title":{"rendered":"Wurmbrand nach Deutschland? Rapid lehnte wohl zwei Angebote ab"},"content":{"rendered":"<p>Nikolaus Wurmbrand wird dem <a href=\"https:\/\/www.laola1.at\/de\/daten\/news\/fussball\/sk-rapid-wien\/\" class=\"tag\" rel=\"nofollow noopener\" target=\"_blank\">SK Rapid<\/a> wohl erhalten bleiben!<\/p>\n<p>Wie &#8222;Sky&#8220; berichtet, stand der 20-j\u00e4hrige Offensivspieler am Deadline Day beim <a href=\"https:\/\/www.laola1.at\/de\/daten\/news\/fussball\/fc-schalke-04\/\" class=\"tag\" rel=\"nofollow noopener\" target=\"_blank\">FC Schalke 04<\/a> und <a href=\"https:\/\/www.laola1.at\/de\/daten\/news\/fussball\/borussia-moenchengladbach\/\" class=\"tag\" rel=\"nofollow noopener\" target=\"_blank\">Borussia M\u00f6nchengladbach<\/a> auf dem Zettel.<\/p>\n<p>Die H\u00fctteldorfer sollen beide Angebote aber abgelehnt haben. Damit wird der \u00d6sterreicher aller Voraussicht nach \u00fcber den Sommer hinaus in Wien bleiben.<\/p>\n<p>Noch ist das Transferfenster aber in manchen L\u00e4ndern offen. In Deutschland ist seit 20 Uhr Schluss.<\/p>\n","protected":false},"excerpt":{"rendered":"Nikolaus Wurmbrand wird dem SK Rapid wohl erhalten bleiben! Wie &#8222;Sky&#8220; berichtet, stand der 20-j\u00e4hrige Offensivspieler am Deadline&hellip;\n","protected":false},"author":2,"featured_media":369600,"comment_status":"","ping_status":"","sticky":false,"template":"","format":"standard","meta":{"footnotes":"","_share_on_mastodon":"0"},"categories":[18],"tags":[1069,46,42,5040,1879,4220,964,1878,12773,44,969,109,108,1877],"class_list":["post-369599","post","type-post","status-publish","format-standard","has-post-thumbnail","category-sport","tag-admiral-bundesliga","tag-at","tag-austria","tag-borussia-moenchengladbach","tag-deutsche-bundesliga","tag-fc-schalke-04","tag-fussball","tag-geruechtekueche","tag-nikolaus-wurmbrand","tag-oesterreich","tag-sk-rapid","tag-sport","tag-sports","tag-transfermarkt"],"share_on_mastodon":{"url":"https:\/\/pubeurope.com\/@at\/117198422197930343","error":""},"_links":{"self":[{"href":"https:\/\/www.europesays.com\/at\/wp-json\/wp\/v2\/posts\/369599","targetHints":{"allow":["GET"]}}],"collection":[{"href":"https:\/\/www.europesays.com\/at\/wp-json\/wp\/v2\/posts"}],"about":[{"href":"https:\/\/www.europesays.com\/at\/wp-json\/wp\/v2\/types\/post"}],"author":[{"embeddable":true,"href":"https:\/\/www.europesays.com\/at\/wp-json\/wp\/v2\/users\/2"}],"replies":[{"embeddable":true,"href":"https:\/\/www.europesays.com\/at\/wp-json\/wp\/v2\/comments?post=369599"}],"version-history":[{"count":0,"href":"https:\/\/www.europesays.com\/at\/wp-json\/wp\/v2\/posts\/369599\/revisions"}],"wp:featuredmedia":[{"embeddable":true,"href":"https:\/\/www.europesays.com\/at\/wp-json\/wp\/v2\/media\/369600"}],"wp:attachment":[{"href":"https:\/\/www.europesays.com\/at\/wp-json\/wp\/v2\/media?parent=369599"}],"wp:term":[{"taxonomy":"category","embeddable":true,"href":"https:\/\/www.europesays.com\/at\/wp-json\/wp\/v2\/categories?post=369599"},{"taxonomy":"post_tag","embeddable":true,"href":"https:\/\/www.europesays.com\/at\/wp-json\/wp\/v2\/tags?post=369599"}],"curies":[{"name":"wp","href":"https:\/\/api.w.org\/{rel}","templated":true}]}}