{"id":369623,"date":"2026-09-01T23:57:12","date_gmt":"2026-09-01T23:57:12","guid":{"rendered":"https:\/\/www.europesays.com\/at\/369623\/"},"modified":"2026-09-01T23:57:12","modified_gmt":"2026-09-01T23:57:12","slug":"premier-league-angebot-von-wieselburg-nach-london-fulham-lockt-david-affengruber","status":"publish","type":"post","link":"https:\/\/www.europesays.com\/at\/369623\/","title":{"rendered":"Premier League-Angebot &#8211; Von Wieselburg nach London: Fulham lockt David Affengruber"},"content":{"rendered":"<p>        <img decoding=\"async\" src=\"https:\/\/www.europesays.com\/at\/wp-content\/uploads\/2026\/09\/img-tmL4ZiMXhjfe67n7.jpeg\" data-fullscreen-src=\"https:\/\/www.noen.at\/image\/3840x0-jpg\/6609229\/img-tmL4ZiMXhjfe67n7.jpeg\" bad-src=\"https:\/\/www.europesays.com\/at\/wp-content\/uploads\/2026\/09\/img-tmL4ZiMXhjfe67n7.jpeg\" data-teaser-member=\"image\" alt=\"FUSSBALL-NATIONALTEAM\/FUSSBALL-WM 2026: PK \u2026FB NATIONALTEAM M\u20acNNER: AFFENGRUBER\"\/><\/p>\n<p>\n                Vorfreude auf Fulham? Der Wechsel in die Premier League ist f\u00fcr David Affengruber zum Greifen nah            <\/p>\n<p>\n                Foto:<br \/>\n                APA\/GEORG HOCHMUTH, GEORG HOCHMUTH                            <\/p>\n<p>\n        Der n\u00e4chste gro\u00dfe Schritt zeichnet sich ab: David Affengruber steht laut Medienberichten unmittelbar vor einem Wechsel zu Premier-League-Club Fulham. Der Innenverteidiger aus Wieselburg soll Elche rund zehn Millionen Euro einbringen.     <\/p>\n<p>F\u00fcr David Affengruber k\u00f6nnte sich am letzten Tag der Transferperiode ein Traum erf\u00fcllen. Der 25-j\u00e4hrige Innenverteidiger aus Wieselburg steht laut mehreren Medienberichten unmittelbar vor einem Wechsel in die englische Premier League zu Fulham.<\/p>\n","protected":false},"excerpt":{"rendered":"Vorfreude auf Fulham? Der Wechsel in die Premier League ist f\u00fcr David Affengruber zum Greifen nah Foto: APA\/GEORG&hellip;\n","protected":false},"author":2,"featured_media":369624,"comment_status":"","ping_status":"","sticky":false,"template":"","format":"standard","meta":{"footnotes":"","_share_on_mastodon":"0"},"categories":[18],"tags":[46,42,18825,92749,71510,964,4647,3806,44,109,108,9986],"class_list":["post-369623","post","type-post","status-publish","format-standard","has-post-thumbnail","category-sport","tag-at","tag-austria","tag-david-affengruber","tag-elche-cf","tag-fc-fulham","tag-fussball","tag-meinfussball","tag-mf-start","tag-oesterreich","tag-sport","tag-sports","tag-transfer"],"share_on_mastodon":{"url":"https:\/\/pubeurope.com\/@at\/117198497857564938","error":""},"_links":{"self":[{"href":"https:\/\/www.europesays.com\/at\/wp-json\/wp\/v2\/posts\/369623","targetHints":{"allow":["GET"]}}],"collection":[{"href":"https:\/\/www.europesays.com\/at\/wp-json\/wp\/v2\/posts"}],"about":[{"href":"https:\/\/www.europesays.com\/at\/wp-json\/wp\/v2\/types\/post"}],"author":[{"embeddable":true,"href":"https:\/\/www.europesays.com\/at\/wp-json\/wp\/v2\/users\/2"}],"replies":[{"embeddable":true,"href":"https:\/\/www.europesays.com\/at\/wp-json\/wp\/v2\/comments?post=369623"}],"version-history":[{"count":0,"href":"https:\/\/www.europesays.com\/at\/wp-json\/wp\/v2\/posts\/369623\/revisions"}],"wp:featuredmedia":[{"embeddable":true,"href":"https:\/\/www.europesays.com\/at\/wp-json\/wp\/v2\/media\/369624"}],"wp:attachment":[{"href":"https:\/\/www.europesays.com\/at\/wp-json\/wp\/v2\/media?parent=369623"}],"wp:term":[{"taxonomy":"category","embeddable":true,"href":"https:\/\/www.europesays.com\/at\/wp-json\/wp\/v2\/categories?post=369623"},{"taxonomy":"post_tag","embeddable":true,"href":"https:\/\/www.europesays.com\/at\/wp-json\/wp\/v2\/tags?post=369623"}],"curies":[{"name":"wp","href":"https:\/\/api.w.org\/{rel}","templated":true}]}}