{"id":369661,"date":"2026-09-02T00:24:10","date_gmt":"2026-09-02T00:24:10","guid":{"rendered":"https:\/\/www.europesays.com\/at\/369661\/"},"modified":"2026-09-02T00:24:10","modified_gmt":"2026-09-02T00:24:10","slug":"transfer-update-neue-klubs-fuer-oefb-teamspieler","status":"publish","type":"post","link":"https:\/\/www.europesays.com\/at\/369661\/","title":{"rendered":"Transfer-Update: Neue Klubs f\u00fcr \u00d6FB-Teamspieler"},"content":{"rendered":"<p>Der heimische Transfermarkt schlie\u00dft in wenigen Tagen.<\/p>\n<p>Am Dienstag, den 1. September, war Deadline Day in den gro\u00dfen Ligen und dementsprechend viel Action auf dem Transfermarkt.<\/p>\n<p>LAOLA1 bietet einen kompakten \u00dcberblick \u00fcber die wichtigsten Meldungen des Tages auf dem Transfermarkt:<\/p>\n<p><a target=\"_blank\" rel=\"noopener noreferrer nofollow\" href=\"https:\/\/www.90minuten.at\/de\/red\/magazin\/transferliste\/bundesliga--alle-fixen-transfers-und-geruechte-im-sommer-2026\/\">Bundesliga: Alle fixen Transfers und Ger\u00fcchte im Sommer 2026 &gt;&gt;&gt;<\/a><\/p>\n<p>ADMIRAL Bundesliga:<\/p>\n<p><a target=\"_blank\" rel=\"noopener noreferrer nofollow\" href=\"https:\/\/www.laola1.at\/de\/red\/fussball\/bundesliga\/news\/fix--salzburg-verpflichtet-napoli-angreifer\/\">Fix: Salzburg verpflichtet Napoli-Angreifer &gt;&gt;&gt;<\/a><\/p>\n<p><a target=\"_blank\" rel=\"noopener noreferrer nofollow\" href=\"https:\/\/www.laola1.at\/de\/red\/fussball\/bundesliga\/news\/fix--rapid-gibt-rekordtransfer-leihweise-wieder-ab\/\">Fix! Rapid gibt Rekordtransfer leihweise wieder ab &gt;&gt;&gt;<\/a><\/p>\n<p><a target=\"_blank\" rel=\"noopener noreferrer nofollow\" href=\"https:\/\/www.laola1.at\/de\/red\/fussball\/bundesliga\/news\/wurmbrand-nach-deutschland--rapid-lehnte-wohl-zwei-angebote-ab\/\">Wurmbrand nach Deutschland? Rapid lehnte wohl zwei Angebote ab &gt;&gt;&gt;<\/a><\/p>\n<p><a target=\"_blank\" rel=\"noopener noreferrer nofollow\" href=\"https:\/\/www.laola1.at\/de\/red\/fussball\/bundesliga\/news\/salzburg-gibt-innenverteidiger-nach-deutschland-ab\/\">Salzburg gibt Innenverteidiger nach Deutschland ab &gt;&gt;&gt;<\/a><\/p>\n<p><a target=\"_blank\" rel=\"noopener noreferrer nofollow\" href=\"https:\/\/www.laola1.at\/de\/red\/fussball\/bundesliga\/news\/angebot-erhoeht--klub-von-oefb-duo-laesst-bei-rapidler-nicht-locker\/\">Zweites Angebot abgelehnt! Dahl bleibt vorerst bei Rapid &gt;&gt;&gt;<\/a><\/p>\n<p><a target=\"_blank\" rel=\"noopener noreferrer nofollow\" href=\"https:\/\/www.laola1.at\/de\/red\/fussball\/bundesliga\/news\/fix--maurits-kjaergaard-wechselt-zu-cl-teilnehmer\/\">Fix! Maurits Kjaergaard wechselt zu CL-Teilnehmer &gt;&gt;&gt;<\/a><\/p>\n<p><a target=\"_blank\" rel=\"noopener noreferrer nofollow\" href=\"https:\/\/www.laola1.at\/de\/red\/fussball\/bundesliga\/news\/rapid--amane-zukunft-geklaert-\/\">Rapid: Amane-Zukunft gekl\u00e4rt! &gt;&gt;&gt;<\/a><\/p>\n<p><a target=\"_blank\" rel=\"noopener noreferrer nofollow\" href=\"https:\/\/www.laola1.at\/de\/red\/fussball\/bundesliga\/news\/salzburg-scheitert-mit-offerte-fuer-ex-city-talent\/\">Salzburg scheitert mit Offerte f\u00fcr Ex-City-Talent &gt;&gt;&gt;<\/a><\/p>\n<p>ADMIRAL 2. Liga:<\/p>\n<p><a target=\"_blank\" rel=\"noopener noreferrer nofollow\" href=\"https:\/\/www.laola1.at\/de\/red\/fussball\/2--liga\/news\/austria-salzburg--last-minute-abgang-und-absage-von-verteidiger\/\">Austria Salzburg: Last-Minute-Abgang und Absage von Verteidiger &gt;&gt;&gt;<\/a><\/p>\n<p>\u00d6FB-Legion\u00e4re:<\/p>\n<p>Affi<\/p>\n<p><a target=\"_blank\" rel=\"noopener noreferrer nofollow\" href=\"https:\/\/www.laola1.at\/de\/red\/fussball\/international\/england\/premier-league\/news\/fix--kevin-danso-verlaesst-tottenham\/\">Fix! Kevin Danso verl\u00e4sst Tottenham &gt;&gt;&gt;<\/a><\/p>\n<p><a target=\"_blank\" rel=\"noopener noreferrer nofollow\" href=\"https:\/\/www.laola1.at\/de\/red\/fussball\/international\/england\/premier-league\/news\/offiziell--david-affengruber-wechselt-nach-england\/\">Offiziell! David Affengruber wechselt nach England &gt;&gt;&gt;<\/a><\/p>\n","protected":false},"excerpt":{"rendered":"Der heimische Transfermarkt schlie\u00dft in wenigen Tagen. Am Dienstag, den 1. September, war Deadline Day in den gro\u00dfen&hellip;\n","protected":false},"author":2,"featured_media":369662,"comment_status":"","ping_status":"","sticky":false,"template":"","format":"standard","meta":{"footnotes":"","_share_on_mastodon":"0"},"categories":[31],"tags":[1322,5987,1069,46,42,18825,1061,964,1878,50457,81320,48391,12058,12773,1163,44,19666,192,969,1072,91627,58959,1877],"class_list":["post-369661","post","type-post","status-publish","format-standard","has-post-thumbnail","category-salzburg","tag-2-liga","tag-admiral-2-liga","tag-admiral-bundesliga","tag-at","tag-austria","tag-david-affengruber","tag-fc-red-bull-salzburg","tag-fussball","tag-geruechtekueche","tag-hendry-blank","tag-jesper-lindstrom","tag-kevin-danso","tag-maurits-kjaergaard","tag-nikolaus-wurmbrand","tag-oefb-legionaere","tag-oesterreich","tag-romeo-amane","tag-salzburg","tag-sk-rapid","tag-sk-sturm-graz","tag-tobias-gulliksen","tag-transfer-update","tag-transfermarkt"],"share_on_mastodon":{"url":"https:\/\/pubeurope.com\/@at\/117198603120590328","error":""},"_links":{"self":[{"href":"https:\/\/www.europesays.com\/at\/wp-json\/wp\/v2\/posts\/369661","targetHints":{"allow":["GET"]}}],"collection":[{"href":"https:\/\/www.europesays.com\/at\/wp-json\/wp\/v2\/posts"}],"about":[{"href":"https:\/\/www.europesays.com\/at\/wp-json\/wp\/v2\/types\/post"}],"author":[{"embeddable":true,"href":"https:\/\/www.europesays.com\/at\/wp-json\/wp\/v2\/users\/2"}],"replies":[{"embeddable":true,"href":"https:\/\/www.europesays.com\/at\/wp-json\/wp\/v2\/comments?post=369661"}],"version-history":[{"count":0,"href":"https:\/\/www.europesays.com\/at\/wp-json\/wp\/v2\/posts\/369661\/revisions"}],"wp:featuredmedia":[{"embeddable":true,"href":"https:\/\/www.europesays.com\/at\/wp-json\/wp\/v2\/media\/369662"}],"wp:attachment":[{"href":"https:\/\/www.europesays.com\/at\/wp-json\/wp\/v2\/media?parent=369661"}],"wp:term":[{"taxonomy":"category","embeddable":true,"href":"https:\/\/www.europesays.com\/at\/wp-json\/wp\/v2\/categories?post=369661"},{"taxonomy":"post_tag","embeddable":true,"href":"https:\/\/www.europesays.com\/at\/wp-json\/wp\/v2\/tags?post=369661"}],"curies":[{"name":"wp","href":"https:\/\/api.w.org\/{rel}","templated":true}]}}