{"id":369665,"date":"2026-09-02T00:27:39","date_gmt":"2026-09-02T00:27:39","guid":{"rendered":"https:\/\/www.europesays.com\/at\/369665\/"},"modified":"2026-09-02T00:27:39","modified_gmt":"2026-09-02T00:27:39","slug":"ian-mcewan-beim-vienna-humanities-festival-2026","status":"publish","type":"post","link":"https:\/\/www.europesays.com\/at\/369665\/","title":{"rendered":"Ian McEwan beim Vienna Humanities Festival 2026"},"content":{"rendered":"<p>Der Abend des 26. September spricht der britische Romancier Ian McEwan, der zuletzt in &#8222;Was wir wissen k\u00f6nnen&#8220; aus dem Jahr 2119 auf unsere Zeit zur\u00fcckblickte, im Rahmen einer &#8222;Wiener Vorlesung&#8220; mit Misha Glenny &#8222;\u00fcber sein Schaffen sowie das Potenzial der Menschheit sprechen, sich der Zukunft trotz zahlreicher beispielloser Herausforderungen gestaltend anzunehmen&#8220;, tags darauf diskutiert die franz\u00f6sische Sozialphilosophin Eva Illouz im Volkstheater mit dem Politologen Ivan Krastev die Frage &#8222;What is moral chaos?&#8220;.<\/p>\n","protected":false},"excerpt":{"rendered":"Der Abend des 26. September spricht der britische Romancier Ian McEwan, der zuletzt in &#8222;Was wir wissen k\u00f6nnen&#8220;&hellip;\n","protected":false},"author":2,"featured_media":369666,"comment_status":"","ping_status":"","sticky":false,"template":"","format":"standard","meta":{"footnotes":"","_share_on_mastodon":"0"},"categories":[28],"tags":[46,42,3097,1132,44,7507,19503,24996,181,182],"class_list":["post-369665","post","type-post","status-publish","format-standard","has-post-thumbnail","category-wien","tag-at","tag-austria","tag-festival","tag-kultur","tag-oesterreich","tag-palaestina","tag-philosophie","tag-soziologie","tag-vienna","tag-wien"],"share_on_mastodon":{"url":"https:\/\/pubeurope.com\/@at\/117198614922649871","error":""},"_links":{"self":[{"href":"https:\/\/www.europesays.com\/at\/wp-json\/wp\/v2\/posts\/369665","targetHints":{"allow":["GET"]}}],"collection":[{"href":"https:\/\/www.europesays.com\/at\/wp-json\/wp\/v2\/posts"}],"about":[{"href":"https:\/\/www.europesays.com\/at\/wp-json\/wp\/v2\/types\/post"}],"author":[{"embeddable":true,"href":"https:\/\/www.europesays.com\/at\/wp-json\/wp\/v2\/users\/2"}],"replies":[{"embeddable":true,"href":"https:\/\/www.europesays.com\/at\/wp-json\/wp\/v2\/comments?post=369665"}],"version-history":[{"count":0,"href":"https:\/\/www.europesays.com\/at\/wp-json\/wp\/v2\/posts\/369665\/revisions"}],"wp:featuredmedia":[{"embeddable":true,"href":"https:\/\/www.europesays.com\/at\/wp-json\/wp\/v2\/media\/369666"}],"wp:attachment":[{"href":"https:\/\/www.europesays.com\/at\/wp-json\/wp\/v2\/media?parent=369665"}],"wp:term":[{"taxonomy":"category","embeddable":true,"href":"https:\/\/www.europesays.com\/at\/wp-json\/wp\/v2\/categories?post=369665"},{"taxonomy":"post_tag","embeddable":true,"href":"https:\/\/www.europesays.com\/at\/wp-json\/wp\/v2\/tags?post=369665"}],"curies":[{"name":"wp","href":"https:\/\/api.w.org\/{rel}","templated":true}]}}