{"id":369775,"date":"2026-09-02T02:13:17","date_gmt":"2026-09-02T02:13:17","guid":{"rendered":"https:\/\/www.europesays.com\/at\/369775\/"},"modified":"2026-09-02T02:13:17","modified_gmt":"2026-09-02T02:13:17","slug":"fw-fuertbauer-strom-muss-wieder-leistbar-werden-weg-mit-co%e2%82%82-und-energiesteuern","status":"publish","type":"post","link":"https:\/\/www.europesays.com\/at\/369775\/","title":{"rendered":"FW-F\u00fcrtbauer: Strom muss wieder leistbar werden \u2013 weg mit CO\u2082- und Energiesteuern!"},"content":{"rendered":"<p>Wien (OTS) &#8211;\u00a0<\/p>\n<p>\u00d6sterreich verf\u00fcgt \u00fcber Wasserkraft, Wind, Sonne und einen der h\u00f6chsten Anteile erneuerbarer Stromerzeugung Europas \u2013 trotzdem zahlen Haushalte und Betriebe weiterhin enorme Strompreise. Ende 2025 lagen die Haushaltsstrompreise laut aktuellen Berechnungen bei mehr als 30 Cent je Kilowattstunde. Auch die heimische Industrie zahlt deutlich mehr als viele europ\u00e4ische Konkurrenten. F\u00fcr die Freiheitliche Wirtschaft (FW) ist klar: Energie darf nicht l\u00e4nger zum Standortkiller werden.<\/p>\n<p>Dabei zeigt sich immer deutlicher, dass nicht eine einzelne Position auf der Stromrechnung das Problem ist. Entscheidend sind die Gesamtkosten des Systems \u2013 von Erzeugung und Netzen \u00fcber Speicher und Regelenergie bis hin zu Steuern, Abgaben und CO\u2082-Kosten. Bei einem von Agenda Austria dargestellten Gewerbebetrieb macht die eigentliche Energie nur 47 Prozent der Stromrechnung aus. 29 Prozent entfallen auf Netztarife und 21 Prozent auf Steuern und Abgaben.<\/p>\n<p>Gleichzeitig f\u00fchrt ein immer schnellerer Ausbau wetterabh\u00e4ngiger Stromerzeugung zu enormem Investitionsbedarf bei Netzen, Speichern und gesicherter Leistung. Der hohe Anteil erneuerbarer Energie allein garantiert weder niedrige Preise noch Versorgungssicherheit. Das zeigte zuletzt auch der Monat Juli: Aufgrund geringerer erneuerbarer Erzeugung musste \u00d6sterreich 751 Gigawattstunden Strom importieren und war an lediglich vier von 31 Tagen Nettoexporteur.<\/p>\n<p>F\u00fcr die FW braucht es daher endlich eine Energiepolitik, die das gesamte System betrachtet. Ein milliardenschwerer Netzausbau darf nicht zum Selbstzweck werden und seine Kosten d\u00fcrfen nicht immer weiter auf Haushalte und Betriebe abgew\u00e4lzt werden. Ausbau und Erzeugung m\u00fcssen sich am tats\u00e4chlichen Bedarf, an Versorgungssicherheit und an wirtschaftlicher Vernunft orientieren. Gleichzeitig braucht \u00d6sterreich ausreichend gesicherte heimische Kraftwerksleistung und Speicher, damit unsere Energieversorgung nicht vom Wetter oder von Stromimporten aus dem Ausland abh\u00e4ngig wird.<\/p>\n<p>Vor allem muss der Staat selbst endlich aufh\u00f6ren, Energie k\u00fcnstlich zu verteuern. Die FW fordert daher: Weg mit den CO\u2082-Steuern, Energiesteuern deutlich runter und keine neuen Belastungen auf Strom und Energie. \u00d6sterreichische Unternehmen brauchen international wettbewerbsf\u00e4hige Energiepreise statt immer neuer Klimaabgaben und Milliardenkosten f\u00fcr einen \u00fcberhasteten Umbau des Energiesystems.<\/p>\n<p>FW-Bundesobmann-Stellvertreter NAbg. Michael F\u00fcrtbauer abschlie\u00dfend: \u201e\u00d6sterreich hat alle Voraussetzungen f\u00fcr eine sichere und leistbare Energieversorgung \u2013 trotzdem machen wir Strom zum Standortkiller. Es reicht nicht, immer neue Windr\u00e4der, Photovoltaikanlagen und Stromleitungen zu bauen und die Rechnung anschlie\u00dfend den Betrieben zu schicken. Wir m\u00fcssen endlich die Gesamtkosten senken, Versorgungssicherheit garantieren und unsere Unternehmen entlasten. Weg mit den CO\u2082-Steuern, runter mit den Energiesteuern und Schluss mit einer Energiepolitik, die Arbeitspl\u00e4tze und Industrie aus \u00d6sterreich vertreibt!\u201c<\/p>\n<p _ngcontent-ng-c2115416006=\"\"> OTS-ORIGINALTEXT PRESSEAUSSENDUNG UNTER AUSSCHLIESSLICHER<br \/>\nINHALTLICHER VERANTWORTUNG DES AUSSENDERS &#8211; WWW.OTS.AT | RFW<\/p>\n","protected":false},"excerpt":{"rendered":"Wien (OTS) &#8211;\u00a0 \u00d6sterreich verf\u00fcgt \u00fcber Wasserkraft, Wind, Sonne und einen der h\u00f6chsten Anteile erneuerbarer Stromerzeugung Europas \u2013&hellip;\n","protected":false},"author":2,"featured_media":369776,"comment_status":"","ping_status":"","sticky":false,"template":"","format":"standard","meta":{"footnotes":"","_share_on_mastodon":"0"},"categories":[14],"tags":[26393,26395,7214,46,42,6865,95,90,89,7134,92759,680,62112,91,94,44,26394,2330,93,92,38651],"class_list":["post-369775","post","type-post","status-publish","format-standard","has-post-thumbnail","category-unternehmen-maerkte","tag-apa","tag-apa-ots","tag-arbeit","tag-at","tag-austria","tag-bundesregierung","tag-business","tag-companies","tag-companies-markets","tag-energiemarkt","tag-erneuerbarer-stromerzeugung","tag-fpoe","tag-haushalte","tag-markets","tag-maerkte","tag-oesterreich","tag-ots","tag-steuern","tag-unternehmen","tag-unternehmen-maerkte","tag-wirtschaftsstandort"],"share_on_mastodon":{"url":"https:\/\/pubeurope.com\/@at\/117199031719966932","error":""},"_links":{"self":[{"href":"https:\/\/www.europesays.com\/at\/wp-json\/wp\/v2\/posts\/369775","targetHints":{"allow":["GET"]}}],"collection":[{"href":"https:\/\/www.europesays.com\/at\/wp-json\/wp\/v2\/posts"}],"about":[{"href":"https:\/\/www.europesays.com\/at\/wp-json\/wp\/v2\/types\/post"}],"author":[{"embeddable":true,"href":"https:\/\/www.europesays.com\/at\/wp-json\/wp\/v2\/users\/2"}],"replies":[{"embeddable":true,"href":"https:\/\/www.europesays.com\/at\/wp-json\/wp\/v2\/comments?post=369775"}],"version-history":[{"count":0,"href":"https:\/\/www.europesays.com\/at\/wp-json\/wp\/v2\/posts\/369775\/revisions"}],"wp:featuredmedia":[{"embeddable":true,"href":"https:\/\/www.europesays.com\/at\/wp-json\/wp\/v2\/media\/369776"}],"wp:attachment":[{"href":"https:\/\/www.europesays.com\/at\/wp-json\/wp\/v2\/media?parent=369775"}],"wp:term":[{"taxonomy":"category","embeddable":true,"href":"https:\/\/www.europesays.com\/at\/wp-json\/wp\/v2\/categories?post=369775"},{"taxonomy":"post_tag","embeddable":true,"href":"https:\/\/www.europesays.com\/at\/wp-json\/wp\/v2\/tags?post=369775"}],"curies":[{"name":"wp","href":"https:\/\/api.w.org\/{rel}","templated":true}]}}