{"id":369789,"date":"2026-09-02T02:30:09","date_gmt":"2026-09-02T02:30:09","guid":{"rendered":"https:\/\/www.europesays.com\/at\/369789\/"},"modified":"2026-09-02T02:30:09","modified_gmt":"2026-09-02T02:30:09","slug":"offiziell-david-affengruber-wechselt-nach-england","status":"publish","type":"post","link":"https:\/\/www.europesays.com\/at\/369789\/","title":{"rendered":"Offiziell! David Affengruber wechselt nach England"},"content":{"rendered":"<p>David Affengruber wechselt in die <a href=\"https:\/\/www.laola1.at\/de\/daten\/news\/fussball\/premier-league\/\" class=\"tag\" rel=\"nofollow noopener\" target=\"_blank\">Premier League<\/a>!<\/p>\n<p>Der \u00d6FB-Verteidiger verl\u00e4sst den FC Elche und wechselt nach England zum FC Fulham. Das gaben die beiden Klubs am Deadline Day bekannt.<\/p>\n<p>Laut Medienberichten betr\u00e4gt die Abl\u00f6sesumme rund zw\u00f6lf Millionen Euro. Affengrubers Vertrag in Spanien w\u00e4re 2027 ausgelaufen. Bei Fulham unterschreibt er nun bis 2030 mit der Option auf eine weitere Saison.<\/p>\n<p>Zwei gute Jahre bei Elche<\/p>\n<p>Affengruber wurde in der Salzburger Red Bull Akademie ausgebildet. 2024 holte er mit Sturm Graz das Double.<\/p>\n<p>Anschlie\u00dfend verl\u00e4ngerte er seinen Vertrag bei den Grazern nicht und wechselte Ende August in die zweite spanische Liga zu Elche. Dort spielte er sich prompt in der ersten Elf fest und schaffte mit den Spaniern den Aufstieg in <a href=\"https:\/\/www.laola1.at\/de\/daten\/news\/fussball\/la-liga\/\" class=\"tag\" rel=\"nofollow noopener\" target=\"_blank\">La Liga<\/a>.<\/p>\n<p>Vergangene Saison absolvierte der Abwehrspieler 36 Partien in der h\u00f6chsten spanischen Spielklasse.<\/p>\n<p>Fulham ist in der laufenden Premier-League-Saison noch ohne Sieg. Dort wartet mit Ex-Real-Coach Alvaro Arbeloa ein bekannter Trainer.<\/p>\n<p>F\u00fcnfter \u00d6sterreicher in der Premier League<\/p>\n<p>Neben Mittelfeldmann <a href=\"https:\/\/www.laola1.at\/de\/daten\/news\/fussball\/xaver-schlager\/\" class=\"tag\" rel=\"nofollow noopener\" target=\"_blank\">Xaver Schlager<\/a> bei Nottingham Forest sind in der finanzst\u00e4rksten Liga der Welt mit Michael Svoboda (Brighton), Jannik Schuster (Brentford) und <a href=\"https:\/\/www.laola1.at\/de\/daten\/news\/fussball\/kevin-danso\/\" class=\"tag\" rel=\"nofollow noopener\" target=\"_blank\">Kevin Danso<\/a> (Sunderland) drei weitere \u00f6sterreichische Innenverteidiger besch\u00e4ftigt.<\/p>\n","protected":false},"excerpt":{"rendered":"David Affengruber wechselt in die Premier League! Der \u00d6FB-Verteidiger verl\u00e4sst den FC Elche und wechselt nach England zum&hellip;\n","protected":false},"author":2,"featured_media":369790,"comment_status":"","ping_status":"","sticky":false,"template":"","format":"standard","meta":{"footnotes":"","_share_on_mastodon":"0"},"categories":[18],"tags":[46,42,18825,37567,19511,71510,964,1880,4898,1163,44,9035,109,108,1877],"class_list":["post-369789","post","type-post","status-publish","format-standard","has-post-thumbnail","category-sport","tag-at","tag-austria","tag-david-affengruber","tag-england-fussball","tag-fc-elche","tag-fc-fulham","tag-fussball","tag-fussball-international","tag-la-liga","tag-oefb-legionaere","tag-oesterreich","tag-premier-league","tag-sport","tag-sports","tag-transfermarkt"],"share_on_mastodon":{"url":"https:\/\/pubeurope.com\/@at\/117199098801015325","error":""},"_links":{"self":[{"href":"https:\/\/www.europesays.com\/at\/wp-json\/wp\/v2\/posts\/369789","targetHints":{"allow":["GET"]}}],"collection":[{"href":"https:\/\/www.europesays.com\/at\/wp-json\/wp\/v2\/posts"}],"about":[{"href":"https:\/\/www.europesays.com\/at\/wp-json\/wp\/v2\/types\/post"}],"author":[{"embeddable":true,"href":"https:\/\/www.europesays.com\/at\/wp-json\/wp\/v2\/users\/2"}],"replies":[{"embeddable":true,"href":"https:\/\/www.europesays.com\/at\/wp-json\/wp\/v2\/comments?post=369789"}],"version-history":[{"count":0,"href":"https:\/\/www.europesays.com\/at\/wp-json\/wp\/v2\/posts\/369789\/revisions"}],"wp:featuredmedia":[{"embeddable":true,"href":"https:\/\/www.europesays.com\/at\/wp-json\/wp\/v2\/media\/369790"}],"wp:attachment":[{"href":"https:\/\/www.europesays.com\/at\/wp-json\/wp\/v2\/media?parent=369789"}],"wp:term":[{"taxonomy":"category","embeddable":true,"href":"https:\/\/www.europesays.com\/at\/wp-json\/wp\/v2\/categories?post=369789"},{"taxonomy":"post_tag","embeddable":true,"href":"https:\/\/www.europesays.com\/at\/wp-json\/wp\/v2\/tags?post=369789"}],"curies":[{"name":"wp","href":"https:\/\/api.w.org\/{rel}","templated":true}]}}