{"id":369833,"date":"2026-09-02T03:13:10","date_gmt":"2026-09-02T03:13:10","guid":{"rendered":"https:\/\/www.europesays.com\/at\/369833\/"},"modified":"2026-09-02T03:13:10","modified_gmt":"2026-09-02T03:13:10","slug":"wiener-wein-sehr-guter-jahrgang-trotz-bis-zu-40-prozent-weniger-ertrag","status":"publish","type":"post","link":"https:\/\/www.europesays.com\/at\/369833\/","title":{"rendered":"Wiener Wein: Sehr guter Jahrgang trotz bis zu 40 Prozent weniger Ertrag"},"content":{"rendered":"<p>Doch dieser sei von sehr guter Qualit\u00e4t, betonte der Pr\u00e4sident der Wiener Landwirtschaftskammer, Norbert Walter, der auch selbst Winzer ist. \u201eWir sind froh, dass das, was wir in den Keller bringen, klein, aber fein sein wird.\u201c Das h\u00e4tten erste Verkostungen gezeigt. Walter betonte, dass man sich schon l\u00e4nger mit den Folgen des Klimawandels besch\u00e4ftige und etwa Tr\u00f6pfchenbew\u00e4sserung einsetze.<\/p>\n","protected":false},"excerpt":{"rendered":"Doch dieser sei von sehr guter Qualit\u00e4t, betonte der Pr\u00e4sident der Wiener Landwirtschaftskammer, Norbert Walter, der auch selbst&hellip;\n","protected":false},"author":2,"featured_media":369834,"comment_status":"","ping_status":"","sticky":false,"template":"","format":"standard","meta":{"footnotes":"","_share_on_mastodon":"0"},"categories":[6],"tags":[46,42,7746,39777,4738,37696,44,8105,43,45,35645,92772,27852,182,44905],"class_list":["post-369833","post","type-post","status-publish","format-standard","has-post-thumbnail","category-oesterreich","tag-at","tag-austria","tag-duerre","tag-einbussen","tag-ernte","tag-kulinarik-wien","tag-oesterreich","tag-qualitaet","tag-republic-of-austria","tag-republik-oesterreich","tag-trockenheit","tag-verfrueht","tag-wein","tag-wien","tag-winzer"],"share_on_mastodon":{"url":"https:\/\/pubeurope.com\/@at\/117199267836204319","error":""},"_links":{"self":[{"href":"https:\/\/www.europesays.com\/at\/wp-json\/wp\/v2\/posts\/369833","targetHints":{"allow":["GET"]}}],"collection":[{"href":"https:\/\/www.europesays.com\/at\/wp-json\/wp\/v2\/posts"}],"about":[{"href":"https:\/\/www.europesays.com\/at\/wp-json\/wp\/v2\/types\/post"}],"author":[{"embeddable":true,"href":"https:\/\/www.europesays.com\/at\/wp-json\/wp\/v2\/users\/2"}],"replies":[{"embeddable":true,"href":"https:\/\/www.europesays.com\/at\/wp-json\/wp\/v2\/comments?post=369833"}],"version-history":[{"count":0,"href":"https:\/\/www.europesays.com\/at\/wp-json\/wp\/v2\/posts\/369833\/revisions"}],"wp:featuredmedia":[{"embeddable":true,"href":"https:\/\/www.europesays.com\/at\/wp-json\/wp\/v2\/media\/369834"}],"wp:attachment":[{"href":"https:\/\/www.europesays.com\/at\/wp-json\/wp\/v2\/media?parent=369833"}],"wp:term":[{"taxonomy":"category","embeddable":true,"href":"https:\/\/www.europesays.com\/at\/wp-json\/wp\/v2\/categories?post=369833"},{"taxonomy":"post_tag","embeddable":true,"href":"https:\/\/www.europesays.com\/at\/wp-json\/wp\/v2\/tags?post=369833"}],"curies":[{"name":"wp","href":"https:\/\/api.w.org\/{rel}","templated":true}]}}