{"id":369843,"date":"2026-09-02T03:25:12","date_gmt":"2026-09-02T03:25:12","guid":{"rendered":"https:\/\/www.europesays.com\/at\/369843\/"},"modified":"2026-09-02T03:25:12","modified_gmt":"2026-09-02T03:25:12","slug":"4-wochen-mit-dir-prinzessin-eugenie-teilt-zuckersuesses-baby-update-krone-at","status":"publish","type":"post","link":"https:\/\/www.europesays.com\/at\/369843\/","title":{"rendered":"\u201e4 Wochen mit dir!\u201c &#8211; Prinzessin Eugenie teilt zuckers\u00fc\u00dfes Baby-Update &#8211; krone.at"},"content":{"rendered":"<p><a href=\"https:\/\/news.google.com\/rss\/articles\/CBMiQkFVX3lxTE9rY1NPT0k2ZXBneVRHdTRRR2E5eEZDZUQ2R18tTlN4NUdQT0dtbTB2MTVVTUI3UkdLZUFkQ0toY18tdw?oc=5\" target=\"_blank\" rel=\"nofollow noopener\">\u201e4 Wochen mit dir!\u201c &#8211; Prinzessin Eugenie teilt zuckers\u00fc\u00dfes Baby-Update<\/a>&nbsp;&nbsp;krone.at<a href=\"https:\/\/news.google.com\/rss\/articles\/CBMiqgFBVV95cUxPVHE1eUQ5TUZ3YzUtVlZabEllMGNPNXdPYUxyelFqaEZTNmY0a3JFRGZJSzFaVG1DRDZzVHIyMENKNjNoRkdiWHVETDlyNHp1QmZGWk9Sdnp0czJOUHhSdDN1ZGNQWTJjOGZTekhBWVdTNk1oOVE4em1LOTM0bVFGSWNsUDdoay16Y2VDa3FrOHB4T3E4bDQwcTAwalNYZVVIYndPZlVvZFhYZw?oc=5\" target=\"_blank\" rel=\"nofollow noopener\">Hat Sarah Ferguson ihre Enkelin Adelaide noch nicht gesehen?<\/a>&nbsp;&nbsp;Promiflash<a href=\"https:\/\/news.google.com\/rss\/articles\/CBMipAFBVV95cUxOSElZVkV2OFJFNHVIUXhXOGZYa1NxWFI1c3gySmJIUDZZTzh5ZXM5V1dRX0k4cDVkV1ZkTl8tTmF1Z0RtSDN4TW9ZdGswckdVS2tWaUxHVWFzTFhaNHU3YmlCLXZEaGRVSW0zb0tWRnFkbHVyaE9QaGxyZm8wZFlFSGc4QWZhN2JxNDREb3c1OFlzRXVYZ0MzU0ZaOS01Ny0zRVJNWQ?oc=5\" target=\"_blank\" rel=\"nofollow noopener\">Prinzessin Eugenie: Bittere Baby-Klatsche f\u00fcr Mama Fergie<\/a>&nbsp;&nbsp;OK! Magazin<a href=\"https:\/\/news.google.com\/rss\/articles\/CBMiigFBVV95cUxPTF90a2twNHJ0a2hCV2xWb3ZqdHl1dVYyby1xMHBadGRiT3lOQzZhMjU3eVp6WEQyOWhrTW51TTZFUGtya0dTejMtNXRucmNXNFBScDVRRVVGSlJTMXdqb3dDOFFsNlVFYnplS0VVWHoxWUVYWTdoVHRiUjYzNWliWmpxQURFRUhkZGc?oc=5\" target=\"_blank\" rel=\"nofollow noopener\">Drei neue Fotos &#8211; Prinzessin Eugenie teilt s\u00fc\u00dfe Schnappsch\u00fcsse mit Baby Adelaide<\/a>&nbsp;&nbsp;Yahoo Nachrichten<a href=\"https:\/\/news.google.com\/rss\/articles\/CBMijgFBVV95cUxPaURKb2Exdk45Rjc2MjFRRlZMUG1SbjZ6Q1Y4elhEY1MxeHJFUl9QZHhUVWFCQW82NVgxUjhBNWZYaEpZVEdtLWJYVnJaUDFZc2YzUHZxU0QxbWxzaXV4SmtlbmkwWVFSd1E3NDlPdlVicEw3aW5tUXZKMjdNM0g1U1c4aFdzX284QzNUNDhB?oc=5\" target=\"_blank\" rel=\"nofollow noopener\">Prinzessin Eugenie feiert vier Wochen mit ihrer Tochter Adelaide<\/a>&nbsp;&nbsp;Yahoo Nachrichten<\/p>\n","protected":false},"excerpt":{"rendered":"\u201e4 Wochen mit dir!\u201c &#8211; Prinzessin Eugenie teilt zuckers\u00fc\u00dfes Baby-Update&nbsp;&nbsp;krone.atHat Sarah Ferguson ihre Enkelin Adelaide noch nicht gesehen?&nbsp;&nbsp;PromiflashPrinzessin&hellip;\n","protected":false},"author":2,"featured_media":369844,"comment_status":"","ping_status":"","sticky":false,"template":"","format":"standard","meta":{"footnotes":"","_share_on_mastodon":"0"},"categories":[22],"tags":[51292,92774,46,15101,42,147,46354,21023,54309,24867,92775,44,4807,14163,36950,10121,148],"class_list":["post-369843","post","type-post","status-publish","format-standard","has-post-thumbnail","category-unterhaltung","tag-adelaide","tag-adelaide-elizabeth-annina","tag-at","tag-august","tag-austria","tag-entertainment","tag-ernest","tag-eugenie","tag-jack","tag-jack-brooksbank","tag-maria-adelaide","tag-oesterreich","tag-portugal","tag-prinzessin","tag-queen-elizabeth","tag-sarah-ferguson","tag-unterhaltung"],"share_on_mastodon":{"url":"https:\/\/pubeurope.com\/@at\/117199314980056542","error":""},"_links":{"self":[{"href":"https:\/\/www.europesays.com\/at\/wp-json\/wp\/v2\/posts\/369843","targetHints":{"allow":["GET"]}}],"collection":[{"href":"https:\/\/www.europesays.com\/at\/wp-json\/wp\/v2\/posts"}],"about":[{"href":"https:\/\/www.europesays.com\/at\/wp-json\/wp\/v2\/types\/post"}],"author":[{"embeddable":true,"href":"https:\/\/www.europesays.com\/at\/wp-json\/wp\/v2\/users\/2"}],"replies":[{"embeddable":true,"href":"https:\/\/www.europesays.com\/at\/wp-json\/wp\/v2\/comments?post=369843"}],"version-history":[{"count":0,"href":"https:\/\/www.europesays.com\/at\/wp-json\/wp\/v2\/posts\/369843\/revisions"}],"wp:featuredmedia":[{"embeddable":true,"href":"https:\/\/www.europesays.com\/at\/wp-json\/wp\/v2\/media\/369844"}],"wp:attachment":[{"href":"https:\/\/www.europesays.com\/at\/wp-json\/wp\/v2\/media?parent=369843"}],"wp:term":[{"taxonomy":"category","embeddable":true,"href":"https:\/\/www.europesays.com\/at\/wp-json\/wp\/v2\/categories?post=369843"},{"taxonomy":"post_tag","embeddable":true,"href":"https:\/\/www.europesays.com\/at\/wp-json\/wp\/v2\/tags?post=369843"}],"curies":[{"name":"wp","href":"https:\/\/api.w.org\/{rel}","templated":true}]}}