{"id":369923,"date":"2026-09-02T04:26:15","date_gmt":"2026-09-02T04:26:15","guid":{"rendered":"https:\/\/www.europesays.com\/at\/369923\/"},"modified":"2026-09-02T04:26:15","modified_gmt":"2026-09-02T04:26:15","slug":"sabitzer-assist-bvb-gibt-sich-im-dfb-pokal-keine-bloesse","status":"publish","type":"post","link":"https:\/\/www.europesays.com\/at\/369923\/","title":{"rendered":"Sabitzer-Assist! BVB gibt sich im DFB-Pokal keine Bl\u00f6\u00dfe"},"content":{"rendered":"<p><a href=\"https:\/\/www.laola1.at\/de\/daten\/news\/fussball\/borussia-dortmund\/\" class=\"tag\" rel=\"nofollow noopener\" target=\"_blank\">Borussia Dortmund<\/a> steht in der zweiten Runde des DFB-Pokals!<\/p>\n<p>Der deutsche Bundesligist schl\u00e4gt Oberligist HEBC Hamburg (5. Liga) ausw\u00e4rts vor \u00fcber 45.000 Zuschauern mit 5:0. <\/p>\n<p>45.917 Zuschauer bedeuteten &#8211; dank des Umzuges des Hamburger Stadtteilclubs ins gro\u00dfe Volksparkstadion &#8211; Rekord in einem DFB-Pokal-Spiel mit Beteiligung eines F\u00fcnftligisten.<\/p>\n<p>Schon in H\u00e4lfte eins alles klar<\/p>\n<p>Dabei wird der Klub der beiden \u00d6FB-Legion\u00e4re <a href=\"https:\/\/www.laola1.at\/de\/daten\/news\/fussball\/marcel-sabitzer\/\" class=\"tag\" rel=\"nofollow noopener\" target=\"_blank\">Marcel Sabitzer<\/a> (Assist) und Carney Chukwuemeka (kam zur Pause) seiner Favoritenrolle gerecht.<\/p>\n<p>Wrede (Eigentor\/33.), Svensson (36.), zwei Mal Inacio (41.\/45.+2) und Silva (59.) schie\u00dfen die Tore des Bundesligisten.<\/p>\n<p>&#8222;Es h\u00e4tten ein paar Tore mehr sein k\u00f6nnen, aber wir haben die Pflichtaufgabe erf\u00fcllt&#8220;, sagte Sabitzer nach dem Schlusspfiff in einer ersten Reaktion bei &#8222;Sky&#8220;.<\/p>\n","protected":false},"excerpt":{"rendered":"Borussia Dortmund steht in der zweiten Runde des DFB-Pokals! Der deutsche Bundesligist schl\u00e4gt Oberligist HEBC Hamburg (5. Liga)&hellip;\n","protected":false},"author":2,"featured_media":369924,"comment_status":"","ping_status":"","sticky":false,"template":"","format":"standard","meta":{"footnotes":"","_share_on_mastodon":"0"},"categories":[18],"tags":[46,42,6769,16383,1881,8263,964,1880,27471,1163,44,109,108],"class_list":["post-369923","post","type-post","status-publish","format-standard","has-post-thumbnail","category-sport","tag-at","tag-austria","tag-borussia-dortmund","tag-carney-chukwuemeka","tag-deutschland-fussball","tag-dfb-pokal","tag-fussball","tag-fussball-international","tag-marcel-sabitzer","tag-oefb-legionaere","tag-oesterreich","tag-sport","tag-sports"],"share_on_mastodon":{"url":"https:\/\/pubeurope.com\/@at\/117199554821915513","error":""},"_links":{"self":[{"href":"https:\/\/www.europesays.com\/at\/wp-json\/wp\/v2\/posts\/369923","targetHints":{"allow":["GET"]}}],"collection":[{"href":"https:\/\/www.europesays.com\/at\/wp-json\/wp\/v2\/posts"}],"about":[{"href":"https:\/\/www.europesays.com\/at\/wp-json\/wp\/v2\/types\/post"}],"author":[{"embeddable":true,"href":"https:\/\/www.europesays.com\/at\/wp-json\/wp\/v2\/users\/2"}],"replies":[{"embeddable":true,"href":"https:\/\/www.europesays.com\/at\/wp-json\/wp\/v2\/comments?post=369923"}],"version-history":[{"count":0,"href":"https:\/\/www.europesays.com\/at\/wp-json\/wp\/v2\/posts\/369923\/revisions"}],"wp:featuredmedia":[{"embeddable":true,"href":"https:\/\/www.europesays.com\/at\/wp-json\/wp\/v2\/media\/369924"}],"wp:attachment":[{"href":"https:\/\/www.europesays.com\/at\/wp-json\/wp\/v2\/media?parent=369923"}],"wp:term":[{"taxonomy":"category","embeddable":true,"href":"https:\/\/www.europesays.com\/at\/wp-json\/wp\/v2\/categories?post=369923"},{"taxonomy":"post_tag","embeddable":true,"href":"https:\/\/www.europesays.com\/at\/wp-json\/wp\/v2\/tags?post=369923"}],"curies":[{"name":"wp","href":"https:\/\/api.w.org\/{rel}","templated":true}]}}