{"id":370025,"date":"2026-09-02T05:44:09","date_gmt":"2026-09-02T05:44:09","guid":{"rendered":"https:\/\/www.europesays.com\/at\/370025\/"},"modified":"2026-09-02T05:44:09","modified_gmt":"2026-09-02T05:44:09","slug":"rekordtransfer-perfekt-manchester-city-holt-fernandez","status":"publish","type":"post","link":"https:\/\/www.europesays.com\/at\/370025\/","title":{"rendered":"Rekordtransfer perfekt: Manchester City holt Fernandez"},"content":{"rendered":"<p> <img decoding=\"async\" src=\"https:\/\/www.europesays.com\/at\/wp-content\/uploads\/2026\/09\/8381d4eb0b82a647ee2bc9990a6d8832a719c5ee.jpg\" alt=\"\"\/> <\/p>\n<p>\t\t\t\t\tManchester City hat den argentinischen Vizeweltmeister Enzo Fernandez verpflichtet und damit f\u00fcr den wohl teuersten Transfer des Sommers gesorgt. Laut Medienberichten einigten sich die Skyblues und Fernandez&#8216; vorheriger Verein FC Chelsea auf eine Abl\u00f6sesumme von 125 Millionen Pfund (145 Millionen Euro) f\u00fcr den 25-J\u00e4hrigen. Damit ist Fernandez gemeinsam mit Alexander Isak, der im vergangenen Jahr von Newcastle United zum FC Liverpool gewechselt war, der bislang teuerste Transfer in der Premier-League-Geschichte.<\/p>\n<p><img decoding=\"async\" src=\"https:\/\/www.europesays.com\/at\/wp-content\/uploads\/2026\/09\/a6b3a37e1ac335111a941a957216ce3ed140dd6b.jpg\" alt=\"Fernandez kommt f\u00fcr eine Rekordsumme zu ManCity (Foto: AFP\/SID\/ADRIAN DENNIS)\"\/><\/p>\n<p>Fernandez kommt f\u00fcr eine Rekordsumme zu ManCity<\/p>\n<p>Foto: AFP\/SID\/ADRIAN DENNIS<\/p>\n<p>&#8222;Jeder Spieler m\u00f6chte Teil eines Vereins wie diesem sein, denn jeder wei\u00df, wie gut City gef\u00fchrt wird&#8220;, sagte Fernandez, der in Manchester einen Vertrag bis 2031 erhielt: &#8222;Ich k\u00f6nnte nicht gl\u00fccklicher sein, hier zu sein, und ich bin bereit f\u00fcr die Herausforderung, City dabei zu helfen, weiterhin Titel zu gewinnen. Dies ist ein Verein, der auf Erfolg ausgelegt ist.&#8220;<\/p>\n<p>Fernandez war 2023 f\u00fcr kolportierte 121 Millionen Euro von Benfica Lissabon zu Chelsea gewechselt. Mit den Blues gewann er im vergangenen Jahr unter Trainer Enzo Maresca die Conference League und wurde Klub-Weltmeister. In Manchester trifft der Weltmeister von 2022 erneut auf seinen Coach, der Italiener steht seit Sommer als Nachfolger von Pep Guardiola an der Seitenlinie von ManCity.<\/p>\n<p>Ger\u00fcchte \u00fcber das Interesse Manchesters an Fernandez hatten sich zuvor bereits \u00fcber Wochen gehalten. ManCity war in diesem Sommer bereits sehr aktiv, f\u00fcr Elliot Andersen (von Nottingham Forest) zahlte der Klub 135 Millionen Euro, f\u00fcr Ayyoub Bouaddi (OSC Lille) etwa 95 Millionen. Am Dienstagabend gab der Klub zudem die Verpflichtung von Iliman Ndiaye bekannt. Der 26 Jahre alte Fl\u00fcgelspieler, der vom FC Everton kommt, unterschrieb bis 2031 und soll laut Medienberichten rund 75 Millionen kosten.<\/p>\n<p class=\"text-secondary\">\u00a9 2026 SID<\/p>\n","protected":false},"excerpt":{"rendered":"Manchester City hat den argentinischen Vizeweltmeister Enzo Fernandez verpflichtet und damit f\u00fcr den wohl teuersten Transfer des Sommers&hellip;\n","protected":false},"author":2,"featured_media":370026,"comment_status":"","ping_status":"","sticky":false,"template":"","format":"standard","meta":{"footnotes":"","_share_on_mastodon":"0"},"categories":[18],"tags":[46,42,31513,14781,44,9035,92800,109,108],"class_list":["post-370025","post","type-post","status-publish","format-standard","has-post-thumbnail","category-sport","tag-at","tag-austria","tag-enzo-fernandez","tag-manchester-city","tag-oesterreich","tag-premier-league","tag-rekordtransfer","tag-sport","tag-sports"],"share_on_mastodon":{"url":"https:\/\/pubeurope.com\/@at\/117199861932105477","error":""},"_links":{"self":[{"href":"https:\/\/www.europesays.com\/at\/wp-json\/wp\/v2\/posts\/370025","targetHints":{"allow":["GET"]}}],"collection":[{"href":"https:\/\/www.europesays.com\/at\/wp-json\/wp\/v2\/posts"}],"about":[{"href":"https:\/\/www.europesays.com\/at\/wp-json\/wp\/v2\/types\/post"}],"author":[{"embeddable":true,"href":"https:\/\/www.europesays.com\/at\/wp-json\/wp\/v2\/users\/2"}],"replies":[{"embeddable":true,"href":"https:\/\/www.europesays.com\/at\/wp-json\/wp\/v2\/comments?post=370025"}],"version-history":[{"count":0,"href":"https:\/\/www.europesays.com\/at\/wp-json\/wp\/v2\/posts\/370025\/revisions"}],"wp:featuredmedia":[{"embeddable":true,"href":"https:\/\/www.europesays.com\/at\/wp-json\/wp\/v2\/media\/370026"}],"wp:attachment":[{"href":"https:\/\/www.europesays.com\/at\/wp-json\/wp\/v2\/media?parent=370025"}],"wp:term":[{"taxonomy":"category","embeddable":true,"href":"https:\/\/www.europesays.com\/at\/wp-json\/wp\/v2\/categories?post=370025"},{"taxonomy":"post_tag","embeddable":true,"href":"https:\/\/www.europesays.com\/at\/wp-json\/wp\/v2\/tags?post=370025"}],"curies":[{"name":"wp","href":"https:\/\/api.w.org\/{rel}","templated":true}]}}