{"id":370047,"date":"2026-09-02T05:59:10","date_gmt":"2026-09-02T05:59:10","guid":{"rendered":"https:\/\/www.europesays.com\/at\/370047\/"},"modified":"2026-09-02T05:59:10","modified_gmt":"2026-09-02T05:59:10","slug":"scarlett-salice-seit-2020-vermisst-vater-sucht-weiter-nach-antworten","status":"publish","type":"post","link":"https:\/\/www.europesays.com\/at\/370047\/","title":{"rendered":"Scarlett Salice seit 2020 vermisst: Vater sucht weiter nach Antworten"},"content":{"rendered":"<p>\u201eMan denkt immer wieder: Man hat nicht alles getan\u201cSeit sechs Jahren fehlt von Scarlett jede Spur \u2013 doch ihr Vater kann nicht aufgeben<\/p>\n<p class=\"AnnotatedMarkup_paragraph__IUT9l\">Ein Anruf, eine Nachricht, irgendein Lebenszeichen \u2013 darauf wartet Ralph Salice seit fast sechs Jahren. <br \/>Am 10. September 2020 verschwindet seine Tochter Scarlett w\u00e4hrend einer Wanderung im Schwarzwald. Trotz einer gro\u00dfangelegten Suche fehlt von der jungen Frau bis heute jede Spur. Ihr Vater f\u00e4hrt noch immer an den Ort zur\u00fcck, an dem Scarlett zuletzt gesehen wurde \u2013 und wird dabei von einer Frage begleitet: Habe ich wirklich alles getan?<\/p>\n<p>Scarlett will alleine durch den Schwarzwald wandern<\/p>\n<p class=\"AnnotatedMarkup_paragraph__IUT9l\">Schon als kleines M\u00e4dchen zieht es Scarlett nach drau\u00dfen. Ihr Vater baut ihr sogar ein eigenes Baumhaus. Als Erwachsene entdeckt sie das Reisen f\u00fcr sich und will die Welt auf eigene Faust erkunden.<\/p>\n<p class=\"AnnotatedMarkup_paragraph__IUT9l\">Ein Tipp f\u00fchrt sie schlie\u00dflich zum Schluchtensteig im S\u00fcdschwarzwald. Rund 119 Kilometer will Scarlett zur\u00fccklegen, aufgeteilt auf sechs Etappen. Kurz vor dem Start klingt sie noch voller Vorfreude. In einer Sprachnachricht erz\u00e4hlt sie von den Menschen, die sie getroffen hat: \u201eSind total nett. Alle hier. Also wirklich, wirklich sehr nett. Und ich freue mich jetzt schon drauf, morgen loszulaufen.\u201c<\/p>\n<p class=\"AnnotatedMarkup_paragraph__IUT9l\">Lese-Tipp: <a href=\"https:\/\/www.rtl.de\/rtl-west\/wo-ist-scarlett-vater-sucht-seit-fast-sechs-jahre-nach-seiner-verschwundenen-tochter-id31242332.html\" target=\"_self\" rel=\"nofollow noopener\">Internationaler Tag der Verschwundenen: Wo ist Scarlett?<\/a><\/p>\n<p class=\"AnnotatedMarkup_paragraph__IUT9l\">Auch f\u00fcr die Zeit nach ihrer Wanderung hat Scarlett bereits Pl\u00e4ne. Nach der Tour will sie nach Mainz weiterreisen. Doch dort kommt sie nie an. <\/p>\n<p class=\"AnnotatedMarkup_paragraph__IUT9l\">Als seine Tochter nicht mehr erreichbar ist, versucht Ralph Salice immer wieder, Kontakt zu ihr aufzunehmen. \u201eIch hatte jede Pause mal genutzt, um anzurufen oder zu h\u00f6ren\u201c, erinnert er sich. Schlie\u00dflich f\u00e4hrt er selbst nach Todtmoos im S\u00fcdschwarzwald, wo sich Scarletts Spur verliert. Schon auf dem Weg wird ihm klar, wie ernst die Situation ist. \u201eDann kamen uns auch schon Bullis entgegen auf den Stra\u00dfen. Suchhunde\u201c, erz\u00e4hlt er. \u201eUnd dann wei\u00df man ja: Die fahren nicht hierher, weil es ein Ausflug ist.\u201c<\/p>\n<p><img alt=\"Aktenzeichen XY\u2026 Unvergessene Verbrechen\" fetchpriority=\"auto\" loading=\"lazy\" width=\"615\" height=\"346\" decoding=\"async\" data-nimg=\"1\" class=\"Image_image__SdgLQ RtlPlusContent_image__Gbn0N\" style=\"color:transparent\"   src=\"https:\/\/www.europesays.com\/at\/wp-content\/uploads\/2026\/09\/aktenzeichen-xy-unvergessene-verbrechen.webp\"\/>Letzte Sichtung in einem Supermarkt<\/p>\n<p class=\"AnnotatedMarkup_paragraph__IUT9l\">Kurz vor ihrer geplanten letzten Wanderetappe wird Scarlett in Todtmoos in einem Supermarkt gesehen. Danach verliert sich ihre Spur. Eine gro\u00dfe Suchaktion beginnt.<\/p>\n<p class=\"AnnotatedMarkup_paragraph__IUT9l\">Polizei, Feuerwehr, Bergwacht und freiwillige Helfer durchk\u00e4mmen \u00fcber mehrere Tage das Gel\u00e4nde. Suchhunde kommen zum Einsatz, aus der Luft wird mit Hubschraubern und W\u00e4rmebildkameras gesucht. Doch die Einsatzkr\u00e4fte finden nichts. \u201eWir hatten gar nichts. Wir haben bis heute gar nichts gefunden\u201c, sagt Markus Baumgartner von der Bergwacht Schwarzwald. Weder von Scarlett selbst noch von ihrer Ausr\u00fcstung gebe es eine Spur. \u201eGar nichts. Sehr ungew\u00f6hnlich.\u201c<\/p>\n<p class=\"AnnotatedMarkup_paragraph__IUT9l\">Lese-Tipp: <a href=\"https:\/\/www.rtl.de\/rtl-west\/scarlett-26-seit-fuenf-jahren-vermisst-jetzt-ist-ihr-gesicht-auf-smoothie-flaschen-zu-sehen-id6866925.html\" target=\"_self\" rel=\"nofollow noopener\">Scarlett (26) seit f\u00fcnf Jahren vermisst \u2013 jetzt ist ihr Gesicht auf Smoothie-Flaschen zu sehen<\/a><\/p>\n<p class=\"AnnotatedMarkup_paragraph__IUT9l\">Auch Scarletts auff\u00e4lliger roter Rucksack f\u00fchrt nicht zu einem entscheidenden Hinweis. Kein Wanderer kann sich an eine Begegnung mit ihr erinnern. Ob Scarlett ihre geplante letzte Etappe \u00fcberhaupt angetreten hat, bleibt deshalb offen.<\/p>\n<p>Anzeige:<\/p>\n<p>Empfehlungen unserer Partner<\/p>\n<p>\u201eWeil wir nichts finden, kann sie noch leben\u201c<\/p>\n<p class=\"AnnotatedMarkup_paragraph__IUT9l\">Auch Jahre sp\u00e4ter suchen Helfer nach Antworten. F\u00fcr sie ist die v\u00f6llige Spurlosigkeit mit einem schwierigen Gedanken verbunden. \u201eEs ist so ein Zwiespalt: Weil wir nichts finden, kann sie noch leben\u201c, sagt Helfer Andreas Asal. Gleichzeitig w\u00fcrde ein Fund m\u00f6glicherweise eine schreckliche Gewissheit bedeuten. Genau diese Gewissheit fehlt Scarletts Familie bis heute.<\/p>\n<p class=\"AnnotatedMarkup_paragraph__IUT9l\">Lese-Tipp: <a href=\"https:\/\/www.rtl.de\/cms\/wo-ist-scarlett-26-jaehrige-aus-bad-lippspringe-wird-seit-wanderausflug-vermisst-4613157.html\" target=\"_self\" rel=\"nofollow noopener\">Wo ist Scarlett S.? 26-J\u00e4hrige verschwand beim Wandern<\/a><\/p>\n<p>Ihr Vater gibt nicht auf<\/p>\n<p class=\"AnnotatedMarkup_paragraph__IUT9l\">Auch Ralph Salice kann den Ort nicht einfach hinter sich lassen. Immer wieder f\u00e4hrt er zur\u00fcck in das Gebiet, in dem seine Tochter zuletzt gesehen wurde. Doch wenn er Todtmoos anschlie\u00dfend wieder verl\u00e4sst, kommt das qu\u00e4lende Gef\u00fchl zur\u00fcck, m\u00f6glicherweise doch noch etwas \u00fcbersehen zu haben. \u201eEs ist immer so, wenn ich da wieder wegfahre\u201c, sagt er. \u201eMan denkt immer wieder: Man hat nicht alles getan.\u201c<\/p>\n<p class=\"AnnotatedMarkup_paragraph__IUT9l\">Was am 10. September 2020 mit Scarlett passiert ist, bleibt bis heute ungekl\u00e4rt. Ist sie w\u00e4hrend ihrer Wanderung verungl\u00fcckt? Wurde sie Opfer eines Verbrechens? Oder gibt es eine andere Erkl\u00e4rung f\u00fcr ihr Verschwinden? Fast sechs Jahre sp\u00e4ter hat Ralph Salice darauf noch immer keine Antwort. Und solange nicht gekl\u00e4rt ist, was mit seiner Tochter passiert ist, bleibt f\u00fcr ihn vor allem die Ungewissheit.<\/p>\n<p class=\"AnnotatedMarkup_paragraph__IUT9l\">Verwendete Quelle: eigene RTL-Recherche<\/p>\n","protected":false},"excerpt":{"rendered":"\u201eMan denkt immer wieder: Man hat nicht alles getan\u201cSeit sechs Jahren fehlt von Scarlett jede Spur \u2013 doch&hellip;\n","protected":false},"author":2,"featured_media":370048,"comment_status":"","ping_status":"","sticky":false,"template":"","format":"standard","meta":{"footnotes":"","_share_on_mastodon":"0"},"categories":[25],"tags":[90996,46,42,147,44,405,39454,156,155,72,148,3256,92802],"class_list":["post-370047","post","type-post","status-publish","format-standard","has-post-thumbnail","category-serien","tag-ah-analytics","tag-at","tag-austria","tag-entertainment","tag-oesterreich","tag-polizei","tag-schwarzwald","tag-serien","tag-series","tag-suche","tag-unterhaltung","tag-vater","tag-vermisstenanzeige"],"share_on_mastodon":{"url":"https:\/\/pubeurope.com\/@at\/117199921305590092","error":""},"_links":{"self":[{"href":"https:\/\/www.europesays.com\/at\/wp-json\/wp\/v2\/posts\/370047","targetHints":{"allow":["GET"]}}],"collection":[{"href":"https:\/\/www.europesays.com\/at\/wp-json\/wp\/v2\/posts"}],"about":[{"href":"https:\/\/www.europesays.com\/at\/wp-json\/wp\/v2\/types\/post"}],"author":[{"embeddable":true,"href":"https:\/\/www.europesays.com\/at\/wp-json\/wp\/v2\/users\/2"}],"replies":[{"embeddable":true,"href":"https:\/\/www.europesays.com\/at\/wp-json\/wp\/v2\/comments?post=370047"}],"version-history":[{"count":0,"href":"https:\/\/www.europesays.com\/at\/wp-json\/wp\/v2\/posts\/370047\/revisions"}],"wp:featuredmedia":[{"embeddable":true,"href":"https:\/\/www.europesays.com\/at\/wp-json\/wp\/v2\/media\/370048"}],"wp:attachment":[{"href":"https:\/\/www.europesays.com\/at\/wp-json\/wp\/v2\/media?parent=370047"}],"wp:term":[{"taxonomy":"category","embeddable":true,"href":"https:\/\/www.europesays.com\/at\/wp-json\/wp\/v2\/categories?post=370047"},{"taxonomy":"post_tag","embeddable":true,"href":"https:\/\/www.europesays.com\/at\/wp-json\/wp\/v2\/tags?post=370047"}],"curies":[{"name":"wp","href":"https:\/\/api.w.org\/{rel}","templated":true}]}}