{"id":370051,"date":"2026-09-02T06:02:25","date_gmt":"2026-09-02T06:02:25","guid":{"rendered":"https:\/\/www.europesays.com\/at\/370051\/"},"modified":"2026-09-02T06:02:25","modified_gmt":"2026-09-02T06:02:25","slug":"lionel-richie-nach-konzert-auf-der-intensivstation","status":"publish","type":"post","link":"https:\/\/www.europesays.com\/at\/370051\/","title":{"rendered":"Lionel Richie nach Konzert auf der Intensivstation"},"content":{"rendered":"<p class=\"content__description\" data-speakable=\"\">Beim letzten Song lie\u00df er sich einen Stuhl auf die B\u00fchne bringen: Nach seinem Auftritt in St. Louis hat sich Lionel Richie in ein Krankenhaus begeben und liegt dort auf der Intensivstation. Die \u00c4rzte pr\u00fcfen eine leichte Dehydrierung. Es ist nicht sein erster Zwischenfall in diesem Sommer.<\/p>\n<p data-speakable=\"\">Wer am Samstagabend im Muny im St. Louiser Forest Park stand, bekam wohl mit, dass etwas nicht stimmte. Gegen Ende seines Konzerts soll Lionel Richie (77) angeschlagen gewirkt haben. Beim letzten Song, ausgerechnet &#8222;All Night Long&#8220;, bat der S\u00e4nger dann sein Team um einen Stuhl, um sich hinsetzen zu k\u00f6nnen. Das berichten Zeugen der Show <a target=\"_blank\" data-brain-zone=\".42673956.content.textlink_1\" data-component-path=\"content.textlink_1\" data-component-name=\"link.external\" rel=\"noopener nofollow\" href=\"https:\/\/www.tmz.com\/2026\/08\/31\/lionel-richie-hospitalized\/\">dem Portal &#8222;TMZ&#8220;<\/a>.<\/p>\n<p data-speakable=\"\">Kurz darauf begab sich der S\u00e4nger in ein Krankenhaus vor Ort, um sich untersuchen zu lassen. Dort liegt er nach Informationen von &#8222;TMZ&#8220; auf der Intensivstation. Die \u00c4rzte pr\u00fcfen demnach eine leichte Dehydrierung als m\u00f6gliche Ursache. Der S\u00e4nger hoffe, am Dienstag wieder entlassen zu werden.<\/p>\n<p data-speakable=\"\">\u00d6ffentlich ge\u00e4u\u00dfert hat sich der Musiker bislang nicht. Sowohl &#8222;TMZ&#8220; als auch &#8222;Page Six&#8220; haben sein Management um eine Stellungnahme gebeten, eine Antwort steht aus.<\/p>\n<p>Im Juni brach Lionel Richie Konzert ab<\/p>\n<p data-speakable=\"\">Dass sich viele Fans trotz der vergleichsweise harmlosen Diagnose nun gro\u00dfe Sorgen machen, hat einen Grund. Es ist bereits der zweite gesundheitliche Zwischenfall des S\u00e4ngers in diesem Sommer.<\/p>\n<p data-speakable=\"\"><a data-brain-zone=\".42673956.content.textlink_2\" data-component-path=\"content.textlink_2\" data-component-name=\"link.editorial\" href=\"https:\/\/www.gmx.at\/magazine\/unterhaltung\/stars\/lionel-richie-konzertabbruch-offenbar-krankenhaus-42430156\" rel=\"nofollow noopener\" target=\"_blank\">Im Juni brach Richie ein Konzert ab<\/a>. Es war der Auftakt seiner Tournee durch 26 nordamerikanische St\u00e4dte, gemeinsam mit Earth, Wind &amp; Fire als Co-Headliner, Schauplatz war die Grand Casino Arena in St. Paul, Minnesota.<\/p>\n<p data-speakable=\"\">Videos aus dem Publikum zeigten damals, wie sich der vierfache Grammy-Gewinner w\u00e4hrend seines Hits &#8222;Dancing on the Ceiling&#8220; mehrfach setzen musste. &#8222;Wenn euch schwindelig wird, setzt euch hin&#8220;, rief er der Menge zu. Dann verlie\u00df er die B\u00fchne, seine Band spielte rund eine Viertelstunde weiter.<\/p>\n<p data-speakable=\"\">Knapp eine Stunde sp\u00e4ter trat Saxofonist Dino Soldo ans Mikrofon und teilte dem Publikum mit, die Show sei beendet, Richie f\u00fchle sich nicht wohl. Backstage nahmen ihn Sanit\u00e4ter in Empfang und brachten ihn mit dem Krankenwagen in eine Klinik.<\/p>\n<p><a href=\"https:\/\/www.gmx.at\/magazine\/unterhaltung\/stars\/lionel-richie-meldet-konzertabbruch-zurueck-42456698\" data-brain-zone=\".42673956.content.teaser_1.1\" data-component-path=\"content.teaser_1.1\" data-component-name=\"link.editorial\" class=\"teaser teaser--horizontal\" data-block-name=\"content.teaser_1\" data-item-position=\"1\" data-item-source=\"cms\" data-article-id=\"cmd:42456698\" rel=\"nofollow noopener\" target=\"_blank\"><\/p>\n<p><img loading=\"lazy\" decoding=\"async\" src=\"https:\/\/www.europesays.com\/at\/wp-content\/uploads\/2026\/09\/lionel-richie-tournee-fort.jpg\" alt=\"\" width=\"76\" height=\"76\" class=\"teaser__image\"\/><\/p>\n<p>\n&#8222;Habe euch in Sorge versetzt&#8220;\n<\/p>\n<p>Lionel Richie meldet sich nach Konzertabbruch zur\u00fcck<\/p>\n<p><\/a><br \/>\nLionel Richie: &#8222;Mir geht es gut&#8220;<\/p>\n<p data-speakable=\"\">Zwei weitere Konzerte in Chicago und Columbus im Bundesstaat Ohio fielen daraufhin aus. &#8222;Auf Anraten von \u00c4rzten, sich auszuruhen und wieder vollst\u00e4ndig gesund zu werden, hat Lionel Richie seine n\u00e4chsten beiden Konzerte verschoben&#8220;, schrieb der Veranstalter Live Nation in den sozialen Medien.<\/p>\n<p>Empfehlungen der Redaktion<\/p>\n<p data-speakable=\"\">Der &#8222;American Idol&#8220;-Juror selbst gab kurz darauf Entwarnung. &#8222;Vielen Dank f\u00fcr jede Nachricht, jedes nette Wort und eure ganze Liebe&#8220;, schrieb er im vergangenen Monat auf Instagram. &#8222;Mir geht es gut und ich bin euch allen dankbar.&#8220; (ae\/spot\/bearbeitet von mbo)\u00a0<br \/>\n\u00a9 1&amp;1 Mail &amp; Media\/spot on news<\/p>\n","protected":false},"excerpt":{"rendered":"Beim letzten Song lie\u00df er sich einen Stuhl auf die B\u00fchne bringen: Nach seinem Auftritt in St. Louis&hellip;\n","protected":false},"author":2,"featured_media":370052,"comment_status":"","ping_status":"","sticky":false,"template":"","format":"standard","meta":{"footnotes":"","_share_on_mastodon":"0"},"categories":[22],"tags":[46,42,87186,147,29348,26861,92803,44,41750,148],"class_list":["post-370051","post","type-post","status-publish","format-standard","has-post-thumbnail","category-unterhaltung","tag-at","tag-austria","tag-dehydrierung","tag-entertainment","tag-intensivstation","tag-lionel-richie","tag-lionel-richie-beim","tag-oesterreich","tag-st-louis","tag-unterhaltung"],"share_on_mastodon":{"url":"https:\/\/pubeurope.com\/@at\/117199933062992567","error":""},"_links":{"self":[{"href":"https:\/\/www.europesays.com\/at\/wp-json\/wp\/v2\/posts\/370051","targetHints":{"allow":["GET"]}}],"collection":[{"href":"https:\/\/www.europesays.com\/at\/wp-json\/wp\/v2\/posts"}],"about":[{"href":"https:\/\/www.europesays.com\/at\/wp-json\/wp\/v2\/types\/post"}],"author":[{"embeddable":true,"href":"https:\/\/www.europesays.com\/at\/wp-json\/wp\/v2\/users\/2"}],"replies":[{"embeddable":true,"href":"https:\/\/www.europesays.com\/at\/wp-json\/wp\/v2\/comments?post=370051"}],"version-history":[{"count":0,"href":"https:\/\/www.europesays.com\/at\/wp-json\/wp\/v2\/posts\/370051\/revisions"}],"wp:featuredmedia":[{"embeddable":true,"href":"https:\/\/www.europesays.com\/at\/wp-json\/wp\/v2\/media\/370052"}],"wp:attachment":[{"href":"https:\/\/www.europesays.com\/at\/wp-json\/wp\/v2\/media?parent=370051"}],"wp:term":[{"taxonomy":"category","embeddable":true,"href":"https:\/\/www.europesays.com\/at\/wp-json\/wp\/v2\/categories?post=370051"},{"taxonomy":"post_tag","embeddable":true,"href":"https:\/\/www.europesays.com\/at\/wp-json\/wp\/v2\/tags?post=370051"}],"curies":[{"name":"wp","href":"https:\/\/api.w.org\/{rel}","templated":true}]}}