{"id":370055,"date":"2026-09-02T06:04:12","date_gmt":"2026-09-02T06:04:12","guid":{"rendered":"https:\/\/www.europesays.com\/at\/370055\/"},"modified":"2026-09-02T06:04:12","modified_gmt":"2026-09-02T06:04:12","slug":"sky-info-rapid-lehnt-angebote-fuer-wurmbrand-ab","status":"publish","type":"post","link":"https:\/\/www.europesays.com\/at\/370055\/","title":{"rendered":"Sky-Info: Rapid lehnt Angebote f\u00fcr Wurmbrand ab"},"content":{"rendered":"<p class=\"PDq2pG_selectionAnchorContainer\" data-start=\"54\" data-end=\"270\">Der <a href=\"https:\/\/www.skysportaustria.at\/fussball\/admiral-bundesliga\/sk-rapid\/\" rel=\"nofollow noopener\" target=\"_blank\">SK Rapid<\/a> hat nach Sky-Informationen zwei Angebote aus Deutschland f\u00fcr Nikolaus Wurmbrand abgelehnt. Sowohl der FC Schalke 04 als auch Borussia M\u00f6nchengladbach wollten den 20-j\u00e4hrigen Offensivspieler des SK Rapid verpflichten.<\/p>\n<p data-start=\"272\" data-end=\"444\">Der \u00f6sterreichische U21-Nationalspieler steht weiterhin bei den H\u00fctteldorfern unter Vertrag. Sein Arbeitspapier l\u00e4uft bis Sommer 2028.<\/p>\n<p data-start=\"446\" data-end=\"794\">Wurmbrand ist auf dem rechten Fl\u00fcgel zuhause und hat sich bei Rapid in den vergangenen beiden Saisonen zunehmend etabliert. In der laufenden Saison absolvierte der 20-J\u00e4hrige bislang allerdings nur vier Kurzeins\u00e4tze in der ADMIRAL Bundesliga. In der Qualifikation zur UEFA Conference League kam er sechsmal zum Einsatz und steuerte dabei zwei Tore sowie zwei Assists bei.<\/p>\n<p><a href=\"https:\/\/www.skysportaustria.at\/mediathek\/sprung-ins-ausland-wurmbrand-international-begehrt\/\" rel=\"nofollow noopener\" target=\"_blank\">Sprung ins Ausland? Wurmbrand international begehrt<\/a><\/p>\n<p data-start=\"796\" data-end=\"1085\" data-is-last-node=\"\" data-is-only-node=\"\">Nach Sky-Informationen wurden die Angebote von Schalke und Gladbach am Dienstag abgelehnt. Wurmbrand bleibt damit vorerst in H\u00fctteldorf. Der Offensivspieler gilt aufgrund seiner Entwicklung und seines noch langfristigen Vertrags als gefragter Spieler auf dem internationalen Transfermarkt.<\/p>\n<p dir=\"ltr\" lang=\"de\">\ud83d\udfe2\u26aa\ufe0f\u274c Sky-Info || Angebote von Schalke 04 und Borussia M\u2018gladbach f\u00fcr Fl\u00fcgelspieler Nikolaus Wurmbrand (20) <a href=\"https:\/\/x.com\/skrapid?ref_src=twsrc%5Etfw\" rel=\"nofollow\">@skrapid<\/a> wurden am heutigen Tag abgelehnt. 83 Spiele (10 T, 10 A). Vertrag in H\u00fctteldorf bis 2028. 2 \u00d6FB-L\u00e4nderspiele (1 Tor) <a href=\"https:\/\/x.com\/SkySportAustria?ref_src=twsrc%5Etfw\" rel=\"nofollow\">@SkySportAustria<\/a> <a href=\"https:\/\/x.com\/SkySportDE?ref_src=twsrc%5Etfw\" rel=\"nofollow\">@SkySportDE<\/a> <a href=\"https:\/\/t.co\/023vdAEzoE\" rel=\"nofollow\">pic.twitter.com\/023vdAEzoE<\/a><\/p>\n<p>\u2014 Eric Niederseer (@Transferic_Sky) <a href=\"https:\/\/x.com\/Transferic_Sky\/status\/2094841973169373255?ref_src=twsrc%5Etfw\" rel=\"nofollow\">September 1, 2026<\/a><\/p>\n<p>Tor \u2013 0:1 Nikolaus Wurmbrand (17.) | SVR-SCR<\/p>\n<p>\t<script async src=\"https:\/\/platform.twitter.com\/widgets.js\" charset=\"utf-8\"><\/script><\/p>\n","protected":false},"excerpt":{"rendered":"Der SK Rapid hat nach Sky-Informationen zwei Angebote aus Deutschland f\u00fcr Nikolaus Wurmbrand abgelehnt. Sowohl der FC Schalke&hellip;\n","protected":false},"author":2,"featured_media":370056,"comment_status":"","ping_status":"","sticky":false,"template":"","format":"standard","meta":{"footnotes":"","_share_on_mastodon":"0"},"categories":[18],"tags":[7114,46,42,12773,44,969,109,108],"class_list":["post-370055","post","type-post","status-publish","format-standard","has-post-thumbnail","category-sport","tag-angebote","tag-at","tag-austria","tag-nikolaus-wurmbrand","tag-oesterreich","tag-sk-rapid","tag-sport","tag-sports"],"share_on_mastodon":{"url":"https:\/\/pubeurope.com\/@at\/117199940452632102","error":""},"_links":{"self":[{"href":"https:\/\/www.europesays.com\/at\/wp-json\/wp\/v2\/posts\/370055","targetHints":{"allow":["GET"]}}],"collection":[{"href":"https:\/\/www.europesays.com\/at\/wp-json\/wp\/v2\/posts"}],"about":[{"href":"https:\/\/www.europesays.com\/at\/wp-json\/wp\/v2\/types\/post"}],"author":[{"embeddable":true,"href":"https:\/\/www.europesays.com\/at\/wp-json\/wp\/v2\/users\/2"}],"replies":[{"embeddable":true,"href":"https:\/\/www.europesays.com\/at\/wp-json\/wp\/v2\/comments?post=370055"}],"version-history":[{"count":0,"href":"https:\/\/www.europesays.com\/at\/wp-json\/wp\/v2\/posts\/370055\/revisions"}],"wp:featuredmedia":[{"embeddable":true,"href":"https:\/\/www.europesays.com\/at\/wp-json\/wp\/v2\/media\/370056"}],"wp:attachment":[{"href":"https:\/\/www.europesays.com\/at\/wp-json\/wp\/v2\/media?parent=370055"}],"wp:term":[{"taxonomy":"category","embeddable":true,"href":"https:\/\/www.europesays.com\/at\/wp-json\/wp\/v2\/categories?post=370055"},{"taxonomy":"post_tag","embeddable":true,"href":"https:\/\/www.europesays.com\/at\/wp-json\/wp\/v2\/tags?post=370055"}],"curies":[{"name":"wp","href":"https:\/\/api.w.org\/{rel}","templated":true}]}}