{"id":370085,"date":"2026-09-02T06:23:12","date_gmt":"2026-09-02T06:23:12","guid":{"rendered":"https:\/\/www.europesays.com\/at\/370085\/"},"modified":"2026-09-02T06:23:12","modified_gmt":"2026-09-02T06:23:12","slug":"nach-fehlstart-die-wiener-austria-blaest-wieder-zur-aufholjagd","status":"publish","type":"post","link":"https:\/\/www.europesays.com\/at\/370085\/","title":{"rendered":"Nach Fehlstart &#8211; Die Wiener Austria bl\u00e4st wieder zur Aufholjagd!"},"content":{"rendered":"<p>Die Tabelle l\u00fcgt nicht. Das ist eine der vielen Klassiker-Floskeln in der Welt des Sports. In diesem Fall l\u00fcgt sie aber doch ein wenig, die Tabelle. Und darauf legt Austrias Trainer Stephan Helm zwar schmunzelnd, aber durchaus mit Nachdruck Wert. \u201eDie Runde ist noch nicht einmal fertig gespielt. Aber manche Leute suchen eben immer das Negative und die Schlagzeilen. Aber das ist okay so, kein Problem, so ist unsere Gesellschaft.\u201c<\/p>\n<p>Drei Pflichtsiege f\u00fcr \u201eVeilchen\u201c<br \/>Der beste Weg f\u00fcr die Austria, um gleich wieder aus dem Tabellenkeller rauszukommen, ist vorgezeichnet: ein Heimsieg am Mittwoch im Nachtragsmatch gegen die WSG Tirol und dann (13. September) ein Erfolg \u2013 wieder daheim \u2013 gegen Austria Lustenau. Dazwischen soll am Samstag in Traiskirchen (der Austria-Block mit 1400 Fans ist bereits fast ausverkauft) der Aufstieg im Cup gelingen.<\/p>\n","protected":false},"excerpt":{"rendered":"Die Tabelle l\u00fcgt nicht. Das ist eine der vielen Klassiker-Floskeln in der Welt des Sports. In diesem Fall&hellip;\n","protected":false},"author":2,"featured_media":370086,"comment_status":"","ping_status":"","sticky":false,"template":"","format":"standard","meta":{"footnotes":"","_share_on_mastodon":"0"},"categories":[18],"tags":[46,42,45027,2356,44,192,109,108,3236,19222,4335,2278],"class_list":["post-370085","post","type-post","status-publish","format-standard","has-post-thumbnail","category-sport","tag-at","tag-austria","tag-braga","tag-lask","tag-oesterreich","tag-salzburg","tag-sport","tag-sports","tag-stephan-helm","tag-traiskirchen","tag-wsg","tag-wsg-tirol"],"share_on_mastodon":{"url":"https:\/\/pubeurope.com\/@at\/117200014883297496","error":""},"_links":{"self":[{"href":"https:\/\/www.europesays.com\/at\/wp-json\/wp\/v2\/posts\/370085","targetHints":{"allow":["GET"]}}],"collection":[{"href":"https:\/\/www.europesays.com\/at\/wp-json\/wp\/v2\/posts"}],"about":[{"href":"https:\/\/www.europesays.com\/at\/wp-json\/wp\/v2\/types\/post"}],"author":[{"embeddable":true,"href":"https:\/\/www.europesays.com\/at\/wp-json\/wp\/v2\/users\/2"}],"replies":[{"embeddable":true,"href":"https:\/\/www.europesays.com\/at\/wp-json\/wp\/v2\/comments?post=370085"}],"version-history":[{"count":0,"href":"https:\/\/www.europesays.com\/at\/wp-json\/wp\/v2\/posts\/370085\/revisions"}],"wp:featuredmedia":[{"embeddable":true,"href":"https:\/\/www.europesays.com\/at\/wp-json\/wp\/v2\/media\/370086"}],"wp:attachment":[{"href":"https:\/\/www.europesays.com\/at\/wp-json\/wp\/v2\/media?parent=370085"}],"wp:term":[{"taxonomy":"category","embeddable":true,"href":"https:\/\/www.europesays.com\/at\/wp-json\/wp\/v2\/categories?post=370085"},{"taxonomy":"post_tag","embeddable":true,"href":"https:\/\/www.europesays.com\/at\/wp-json\/wp\/v2\/tags?post=370085"}],"curies":[{"name":"wp","href":"https:\/\/api.w.org\/{rel}","templated":true}]}}