{"id":370109,"date":"2026-09-02T06:39:10","date_gmt":"2026-09-02T06:39:10","guid":{"rendered":"https:\/\/www.europesays.com\/at\/370109\/"},"modified":"2026-09-02T06:39:10","modified_gmt":"2026-09-02T06:39:10","slug":"ariana-grande-kaempft-bei-letzter-show-mit-den-traenen","status":"publish","type":"post","link":"https:\/\/www.europesays.com\/at\/370109\/","title":{"rendered":"Ariana Grande k\u00e4mpft bei letzter Show mit den Tr\u00e4nen"},"content":{"rendered":"<p>        <img decoding=\"async\" src=\"https:\/\/www.europesays.com\/at\/wp-content\/uploads\/2026\/09\/1788331148_974_rs-badge-recommendation.png\" alt=\"ROLLING STONE Badge\"\/><\/p>\n<p>Empfehlungen der\u00a0Redaktion<\/p>\n<p><img loading=\"lazy\" decoding=\"async\" src=\"https:\/\/www.europesays.com\/at\/wp-content\/uploads\/2026\/09\/b76f3b6e1da3441186b77600a1ccf6c4.gif\" alt=\"\" width=\"1\" height=\"1\"\/>Beim letzten Konzert ihrer Headliner-Tour \u201eEternal Sunshine\u201c hielt <a href=\"https:\/\/www.rollingstone.de\/ariana-grande-fussverletzung-buehne-bequeme-schuhe-3184883\/\" target=\"_blank\" rel=\"noopener nofollow\">Ariana Grande<\/a> inne, um den Moment zu genie\u00dfen <a href=\"https:\/\/www.rollingstone.com\/music\/music-news\/ariana-grande-final-eternal-sunshine-concert-london-1235619516\/\" target=\"_blank\" rel=\"noopener nofollow\">und ihren Fans f\u00fcr die gemeinsame Reise zu danken.<\/a><\/p>\n<p>Grande, die sich von einer leichten Fu\u00dfverletzung erholte, wandte sich vom B\u00fchnenhocker aus an die Tausenden, die sich in der O2 Arena versammelt hatten. \u201eIch m\u00f6chte einfach Danke sagen. Das war eine so au\u00dfergew\u00f6hnliche Erfahrung. Danke f\u00fcr 10 wundersch\u00f6ne Londoner Shows und f\u00fcr 41 unglaubliche Konzerte der \u201aEternal Sunshine\u2018-Tour\u201c, sagte Grande. \u201eDas war eine der sch\u00f6nsten, au\u00dfergew\u00f6hnlichsten Erfahrungen meines Lebens, und ich m\u00f6chte meine Dankbarkeit ausdr\u00fccken, ohne dabei v\u00f6llig in Tr\u00e4nen auszubrechen. Aber wirklich: Danke von ganzem Herzen. Es war so besonders, und ich werde diese Zeit immer in Erinnerung behalten\u201c, fuhr sie fort, sichtlich den Tr\u00e4nen nahe. \u201eIch habe die besten Fans der ganzen Welt \u2013 und das war schon immer so.\u201c Die S\u00e4ngerin und Songwriterin betonte, wie sehr ihre Fans die Tour \u201eso besonders\u201c gemacht h\u00e4tten, und erg\u00e4nzte: \u201eEure Nachrichten, eure Kost\u00fcme, eure Outfits und euer Make-up sind einfach wundersch\u00f6n.\u201c<\/p>\n<p>Grande schloss mit den Worten: \u201eIch habe jede einzelne Minute davon mit euch geliebt, und ich m\u00f6chte sichergehen, dass ich zum Ausdruck bringe, wie dankbar ich bin. Danke, und ich liebe euch so sehr.\u201c<\/p>\n<p>R\u00fcckzug aus der \u00d6ffentlichkeit<\/p>\n<p>Bereits Anfang des Monats hatte ein Sprecher Grandes mitgeteilt, dass sie sich nach dem Tourende aus dem \u00f6ffentlichen Leben zur\u00fcckziehen wolle. Die S\u00e4ngerin und Schauspielerin wird nicht mehr in einer Londoner West-End-Neuinszenierung von Stephen Sondheims \u201eSunday in the Park With George\u201c auftreten. (Schauspieler Jonathan Bailey zog sich nach dem Ausstieg seiner Co-Starterin ebenfalls aus dem Musical zur\u00fcck.)<\/p>\n<p>An dieser Stelle findest du Inhalte aus X Corp.<\/p>\n<p>Um mit Inhalten aus Sozialen Netzwerken zu interagieren oder diese darzustellen, brauchen wir deine Zustimmung.<\/p>\n<p>\tSoziale Netzwerke aktivieren<\/p>\n<p>\u201eSie freut sich darauf, die Tour abzuschlie\u00dfen und sie auf einem Hochpunkt zu beenden \u2013 gesund und gl\u00fccklich \u2013, um sich danach eine wohlverdiente Auszeit von der \u00f6ffentlichkeitswirksamen Arbeit und den Auftritten zu g\u00f6nnen, die zu endloser, anhaltender \u00f6ffentlicher Kritik gef\u00fchrt haben\u201c, erkl\u00e4rten Grandes Vertreter. \u201eDiese Tour war eine wundersch\u00f6ne Erfahrung f\u00fcr sie. Sie liebt ihre Fans und hat jede Minute dieser Tour von ganzem Herzen geliebt.\u201c<\/p>\n","protected":false},"excerpt":{"rendered":"Empfehlungen der\u00a0Redaktion Beim letzten Konzert ihrer Headliner-Tour \u201eEternal Sunshine\u201c hielt Ariana Grande inne, um den Moment zu genie\u00dfen&hellip;\n","protected":false},"author":2,"featured_media":370110,"comment_status":"","ping_status":"","sticky":false,"template":"","format":"standard","meta":{"footnotes":"","_share_on_mastodon":"0"},"categories":[24],"tags":[38630,46,42,147,153,154,44,148],"class_list":["post-370109","post","type-post","status-publish","format-standard","has-post-thumbnail","category-musik","tag-ariana-grande","tag-at","tag-austria","tag-entertainment","tag-music","tag-musik","tag-oesterreich","tag-unterhaltung"],"share_on_mastodon":{"url":"https:\/\/pubeurope.com\/@at\/117200077743060928","error":""},"_links":{"self":[{"href":"https:\/\/www.europesays.com\/at\/wp-json\/wp\/v2\/posts\/370109","targetHints":{"allow":["GET"]}}],"collection":[{"href":"https:\/\/www.europesays.com\/at\/wp-json\/wp\/v2\/posts"}],"about":[{"href":"https:\/\/www.europesays.com\/at\/wp-json\/wp\/v2\/types\/post"}],"author":[{"embeddable":true,"href":"https:\/\/www.europesays.com\/at\/wp-json\/wp\/v2\/users\/2"}],"replies":[{"embeddable":true,"href":"https:\/\/www.europesays.com\/at\/wp-json\/wp\/v2\/comments?post=370109"}],"version-history":[{"count":0,"href":"https:\/\/www.europesays.com\/at\/wp-json\/wp\/v2\/posts\/370109\/revisions"}],"wp:featuredmedia":[{"embeddable":true,"href":"https:\/\/www.europesays.com\/at\/wp-json\/wp\/v2\/media\/370110"}],"wp:attachment":[{"href":"https:\/\/www.europesays.com\/at\/wp-json\/wp\/v2\/media?parent=370109"}],"wp:term":[{"taxonomy":"category","embeddable":true,"href":"https:\/\/www.europesays.com\/at\/wp-json\/wp\/v2\/categories?post=370109"},{"taxonomy":"post_tag","embeddable":true,"href":"https:\/\/www.europesays.com\/at\/wp-json\/wp\/v2\/tags?post=370109"}],"curies":[{"name":"wp","href":"https:\/\/api.w.org\/{rel}","templated":true}]}}