{"id":370111,"date":"2026-09-02T06:41:08","date_gmt":"2026-09-02T06:41:08","guid":{"rendered":"https:\/\/www.europesays.com\/at\/370111\/"},"modified":"2026-09-02T06:41:08","modified_gmt":"2026-09-02T06:41:08","slug":"royales-taschengeld-dieser-millionaer-hilft-harry-und-meghan-beim-umzug-kronen-zeitung-2","status":"publish","type":"post","link":"https:\/\/www.europesays.com\/at\/370111\/","title":{"rendered":"Royales \u201eTaschengeld\u201c &#8211; Dieser Million\u00e4r hilft Harry und Meghan beim Umzug &#8211; Kronen Zeitung"},"content":{"rendered":"<p><a href=\"https:\/\/news.google.com\/rss\/articles\/CBMiR0FVX3lxTFBIbVdXSHdWbmRYb1E2VW8zbEM0RFRTU2twU0ttcGpCdFJ4djhMUE9oazRGeDhNNlptS1pOcl9UT21WMk9TTDNr?oc=5\" target=\"_blank\" rel=\"nofollow noopener\">Royales \u201eTaschengeld\u201c &#8211; Dieser Million\u00e4r hilft Harry und Meghan beim Umzug<\/a>&nbsp;&nbsp;Kronen Zeitung<a href=\"https:\/\/news.google.com\/rss\/articles\/CBMijwJBVV95cUxQT1ZLbDB0ZmtCLTFlcTdCNHNCVkM3a1JjQnIxbWhiRGdXZURFV1hzOFBOQXdTUE9VUG05QlRYSFZTaW9SNnltc2Znd240MFczQVh3ZFVVb1pIMzdDVHdnQ0RQaEJqVDlxLVg2QV9ISURndzlTeFRsRGlhbjFLc0N3MkJYdHV0U3IxVUZpRF90Vmw0Tk43X210RFcxdlRXUHNidUZSakVmRFNmV284R2lfYU1UdW1lNWx1c2ZxbGFpVFBoOXVfcUNiM24yNFZJUHE0U3hlQ19UN1ZfX1ZZVTZnUmd1ZVplZVNobUNVRGJPd0pxa0RvNlJTVmpqcTRqVWlwcUppeDRNa19PdUpXSkFB?oc=5\" target=\"_blank\" rel=\"nofollow noopener\">\u201eKorrupt, undurchsichtig, verschwenderisch\u201c \u2013 F\u00fcr die Monarchie sind Harry und Meghan eine Chance<\/a>&nbsp;&nbsp;WELT<a href=\"https:\/\/news.google.com\/rss\/articles\/CBMiqwFBVV95cUxQenhzU0dxWGNuV2pYVmFxSW9xVUdITlZWZU1UUThONGJZX0FFUmdIUUIzRHhuQ2hRcC1IWnR4VHVBX082NTBmSDhqZHVCZU5KYTB5NjBUVmI1ZnhPNmRYVWtWZXFhR2pGN1oydXFzNmJKVE9PTFRtRXdObjJjLXl3WWZCM3NNcnJwQXZzNjhZMEF3Q2JydkJ1RTNEMEU4dllRb3hrQkZEQkNMUW8?oc=5\" target=\"_blank\" rel=\"nofollow noopener\">Zu Harrys R\u00fcckkehr in die UK: K\u00f6nigin Camilla soll helfen<\/a>&nbsp;&nbsp;Merkur<a href=\"https:\/\/news.google.com\/rss\/articles\/CBMiogFBVV95cUxNbnI5cl9mRzFWRXFpMVRzc0V6U1drOW5qNVU4Y0dZYmdEUnBhUkR0TE9tTjJGRGFGVUEtR2ZSN0EyZkV0amhhaGVIb0gzZU16OUpkaDhJeHR6dVBaX3dWcEdGWlR1TUpfWmxqY0hWVXZnXzJJM0JLRC1QQXJranRNWklwQ3YxMmZwRk0xekR1eVg1VDRURVE5R3Z5Y2tSYl9ITEE?oc=5\" target=\"_blank\" rel=\"nofollow noopener\">Prinz Harry will offenbar langfristig in England leben<\/a>&nbsp;&nbsp;Kleine Zeitung<a href=\"https:\/\/news.google.com\/rss\/articles\/CBMilAFBVV95cUxNWmQ4cWlIV1dwSUZKN2lwUEJMV2VUQ0pBWUdneGZIcE1LeDJqYWsyeDhaN1l5clNLbGdEX0t2cDgtLXJlU1REcUswQmxmcTJSMjV1Z2c2eUx6dDduWmsxeE1sRE9NZWhTVlNPMWZMNDItNlk5TWRQa3hGYWd4REFyeFVxYlh4d0o1X2EtMFZSTFJ6U1dt?oc=5\" target=\"_blank\" rel=\"nofollow noopener\">Erstes Royal-Mitglied \u00e4u\u00dfert sich zu Harrys R\u00fcckkehr nach England<\/a>&nbsp;&nbsp;Kurier<\/p>\n","protected":false},"excerpt":{"rendered":"Royales \u201eTaschengeld\u201c &#8211; Dieser Million\u00e4r hilft Harry und Meghan beim Umzug&nbsp;&nbsp;Kronen Zeitung\u201eKorrupt, undurchsichtig, verschwenderisch\u201c \u2013 F\u00fcr die Monarchie&hellip;\n","protected":false},"author":2,"featured_media":370112,"comment_status":"","ping_status":"","sticky":false,"template":"","format":"standard","meta":{"footnotes":"","_share_on_mastodon":"0"},"categories":[22],"tags":[91649,46,42,7819,3855,1404,6379,147,91650,6036,80248,91651,19789,91652,33081,14606,44,91653,148,91654],"class_list":["post-370111","post","type-post","status-publish","format-standard","has-post-thumbnail","category-unterhaltung","tag-aldrige","tag-at","tag-austria","tag-birmingham","tag-britische","tag-britischer","tag-england","tag-entertainment","tag-hampshire","tag-harry","tag-ian-wace","tag-joanna","tag-la","tag-markle","tag-meghan","tag-meghan-markle","tag-oesterreich","tag-tanera-mor","tag-unterhaltung","tag-wace"],"share_on_mastodon":{"url":"https:\/\/pubeurope.com\/@at\/117200085779274091","error":""},"_links":{"self":[{"href":"https:\/\/www.europesays.com\/at\/wp-json\/wp\/v2\/posts\/370111","targetHints":{"allow":["GET"]}}],"collection":[{"href":"https:\/\/www.europesays.com\/at\/wp-json\/wp\/v2\/posts"}],"about":[{"href":"https:\/\/www.europesays.com\/at\/wp-json\/wp\/v2\/types\/post"}],"author":[{"embeddable":true,"href":"https:\/\/www.europesays.com\/at\/wp-json\/wp\/v2\/users\/2"}],"replies":[{"embeddable":true,"href":"https:\/\/www.europesays.com\/at\/wp-json\/wp\/v2\/comments?post=370111"}],"version-history":[{"count":0,"href":"https:\/\/www.europesays.com\/at\/wp-json\/wp\/v2\/posts\/370111\/revisions"}],"wp:featuredmedia":[{"embeddable":true,"href":"https:\/\/www.europesays.com\/at\/wp-json\/wp\/v2\/media\/370112"}],"wp:attachment":[{"href":"https:\/\/www.europesays.com\/at\/wp-json\/wp\/v2\/media?parent=370111"}],"wp:term":[{"taxonomy":"category","embeddable":true,"href":"https:\/\/www.europesays.com\/at\/wp-json\/wp\/v2\/categories?post=370111"},{"taxonomy":"post_tag","embeddable":true,"href":"https:\/\/www.europesays.com\/at\/wp-json\/wp\/v2\/tags?post=370111"}],"curies":[{"name":"wp","href":"https:\/\/api.w.org\/{rel}","templated":true}]}}