{"id":370153,"date":"2026-09-02T07:07:10","date_gmt":"2026-09-02T07:07:10","guid":{"rendered":"https:\/\/www.europesays.com\/at\/370153\/"},"modified":"2026-09-02T07:07:10","modified_gmt":"2026-09-02T07:07:10","slug":"explosion-in-augsburg-zwei-verletzte-bahnhof-wird-geraeumt","status":"publish","type":"post","link":"https:\/\/www.europesays.com\/at\/370153\/","title":{"rendered":"Explosion in Augsburg: Zwei Verletzte, Bahnhof wird ger\u00e4umt"},"content":{"rendered":"<p>Nach einer Explosion eines Gegenstands l\u00e4uft in Augsburg ein gr\u00f6\u00dferer Polizeieinsatz. Nach Polizeiangaben wurden zwei Menschen dabei leicht verletzt, Fensterscheiben sind besch\u00e4digt. Die Ermittlungen dauern an. Mittlerweile hat die Polizei den Gegenstand gefunden und weitere Ma\u00dfnahmen eingeleitet. Der Bahnhof wird weitr\u00e4umig abgesperrt. Zur Unterst\u00fctzung wurden auch Einheiten des LKA-Bayern mit einbezogen. Der Zugverkehr wird erst einmal gesperrt. <\/p>\n<p>Nach Angaben der Polizei ereignete sich die Explosion in einem Geb\u00e4udedurchgang nahe dem Hauptbahnhof. Mehrere Personen erlitten durch die Detonation sogenannte Knalltraumata und mussten versorgt werden. Au\u00dferdem wurden Fensterscheiben in der Umgebung besch\u00e4digt. Der Haupteingang ist gesperrt. <a href=\"https:\/\/www.augsburger-allgemeine.de\/augsburg\/explosion-am-hauptbahnhof-augsburg-strassen-und-zugverkehr-eingeschraenkt-115154699\" rel=\"nofollow noopener\" target=\"_blank\">Laut einem Bericht der &#8222;Augsburger Allgemeinen&#8220; soll die Explosion in einer Bankfiliale gewesen sein <\/a>(externer Link, m\u00f6glicherweise Bezahlinhalt).<\/p>\n<p>Behinderungen im Verkehr<\/p>\n<p>Wegen des laufenden Einsatzes kommt es zu erheblichen Einschr\u00e4nkungen im Stra\u00dfenverkehr sowie im \u00f6ffentlichen Nahverkehr. Die Polizei warnt vor gr\u00f6\u00dferen Verz\u00f6gerungen im Bahn-, Bus- und Stra\u00dfenbahnverkehr in und um Augsburg.<\/p>\n<p>Die genaue Ursache der Explosion ist derzeit noch unklar. Auch die Art des explodierten Gegenstands konnte bislang nicht festgestellt werden. Die Einsatzkr\u00e4fte sichern den Bereich und f\u00fchren weitere Untersuchungen durch. <\/p>\n<p>B\u00fcrger sollen Bereich um Hauptbahnhof meiden<\/p>\n<p>Eine Pressestelle vor Ort soll eingerichtet werden, um \u00fcber neue Erkenntnisse zu informieren. Die Polizei bittet B\u00fcrgerinnen und B\u00fcrger, den Bereich rund um den Hauptbahnhof nach M\u00f6glichkeit zu meiden und den Anweisungen der Einsatzkr\u00e4fte Folge zu leisten.<\/p>\n","protected":false},"excerpt":{"rendered":"Nach einer Explosion eines Gegenstands l\u00e4uft in Augsburg ein gr\u00f6\u00dferer Polizeieinsatz. Nach Polizeiangaben wurden zwei Menschen dabei leicht&hellip;\n","protected":false},"author":2,"featured_media":370154,"comment_status":"","ping_status":"","sticky":false,"template":"","format":"standard","meta":{"footnotes":"","_share_on_mastodon":"0"},"categories":[12],"tags":[3009,4545,92816,40,41,92817,1164,39,3467,66,65,64],"class_list":["post-370153","post","type-post","status-publish","format-standard","has-post-thumbnail","category-welt","tag-augsburg","tag-explosion","tag-hauptbahnhof-augsburg","tag-nachrichten","tag-news","tag-oepnv","tag-polizeieinsatz","tag-schlagzeilen","tag-schwaben","tag-welt","tag-world","tag-world-news"],"share_on_mastodon":{"url":"https:\/\/pubeurope.com\/@at\/117200187788842836","error":""},"_links":{"self":[{"href":"https:\/\/www.europesays.com\/at\/wp-json\/wp\/v2\/posts\/370153","targetHints":{"allow":["GET"]}}],"collection":[{"href":"https:\/\/www.europesays.com\/at\/wp-json\/wp\/v2\/posts"}],"about":[{"href":"https:\/\/www.europesays.com\/at\/wp-json\/wp\/v2\/types\/post"}],"author":[{"embeddable":true,"href":"https:\/\/www.europesays.com\/at\/wp-json\/wp\/v2\/users\/2"}],"replies":[{"embeddable":true,"href":"https:\/\/www.europesays.com\/at\/wp-json\/wp\/v2\/comments?post=370153"}],"version-history":[{"count":0,"href":"https:\/\/www.europesays.com\/at\/wp-json\/wp\/v2\/posts\/370153\/revisions"}],"wp:featuredmedia":[{"embeddable":true,"href":"https:\/\/www.europesays.com\/at\/wp-json\/wp\/v2\/media\/370154"}],"wp:attachment":[{"href":"https:\/\/www.europesays.com\/at\/wp-json\/wp\/v2\/media?parent=370153"}],"wp:term":[{"taxonomy":"category","embeddable":true,"href":"https:\/\/www.europesays.com\/at\/wp-json\/wp\/v2\/categories?post=370153"},{"taxonomy":"post_tag","embeddable":true,"href":"https:\/\/www.europesays.com\/at\/wp-json\/wp\/v2\/tags?post=370153"}],"curies":[{"name":"wp","href":"https:\/\/api.w.org\/{rel}","templated":true}]}}