{"id":370173,"date":"2026-09-02T07:21:16","date_gmt":"2026-09-02T07:21:16","guid":{"rendered":"https:\/\/www.europesays.com\/at\/370173\/"},"modified":"2026-09-02T07:21:16","modified_gmt":"2026-09-02T07:21:16","slug":"aktuelle-umfrage-zeigt-menschen-mit-adipositas-sind-bereit-fuer-veraenderung-der","status":"publish","type":"post","link":"https:\/\/www.europesays.com\/at\/370173\/","title":{"rendered":"Aktuelle Umfrage zeigt: Menschen mit Adipositas sind bereit f\u00fcr Ver\u00e4nderung; der &#8230;"},"content":{"rendered":"<p class=\"date\">01.09.2026 \u2013 12:03<\/p>\n<p class=\"customer\">\n                        <a class=\"story-customer\" title=\"weiter zum newsroom von Novo Nordisk Pharma GmbH\" href=\"https:\/\/www.presseportal.de\/nr\/21280\" rel=\"nofollow noopener\" target=\"_blank\">Novo Nordisk Pharma GmbH<\/a>\n                    <\/p>\n<p><a class=\"glightbox event-trigger\" href=\"https:\/\/cache.pressmailing.net\/thumbnail\/story_hires\/2dea2319-0048-4e5f-815d-91d20b91833a\/05_13884.jpg.jpg\" data-description=\"Jeden neuen Tag einen Schritt in ein ges\u00fcnderes Leben: Menschen mit starkem \u00dcbergewicht m\u00fcssen diesen Weg nicht alleine gehen. \/ Weiterer Text \u00fcber ots und www.presseportal.de\/nr\/21280 \/ Die Verwendung dieses Bildes f\u00fcr redaktionelle Zwecke ist unter Beachtung aller mitgeteilten Nutzungsbedingungen zul\u00e4ssig und dann auch honorarfrei. Ver\u00f6ffentlichung ausschlie\u00dflich mit Bildrechte-Hinweis.\" data-category=\"medialightbox\" data-action=\"click\" data-label=\"single\" data-value=\"6a969e62270000fd2cc128bd\" rel=\"nofollow noopener\" target=\"_blank\"><img decoding=\"async\" height=\"540\" with=\"720\" src=\"https:\/\/www.europesays.com\/at\/wp-content\/uploads\/2026\/09\/aktuelle-umfrage-zeigt-menschen-mit-adipositas-sind-bereit-f-r-ver-nderung-der-schritt-zum-arzt-blei.jpeg\"   alt=\"Aktuelle Umfrage zeigt: Menschen mit Adipositas sind bereit f\u00fcr Ver\u00e4nderung; der Schritt zum Arzt bleibt f\u00fcr viele die gr\u00f6\u00dfte H\u00fcrde\" class=\"single\"\/><\/a><\/p>\n<p><a data-category=\"citylink-story-view\" data-action=\"click\" data-label=\"Citylink in Meldungsansicht\" class=\"story-city event-trigger\" href=\"https:\/\/www.presseportal.de\/regional\/Mainz\" title=\"News aus Mainz \" rel=\"nofollow noopener\" target=\"_blank\">Mainz<\/a> (ots)<\/p>\n<p> Neuer Optimismus: Repr\u00e4sentative Civey-Daten zeigen, dass 58 Prozent der Menschen mit Adipositas jeden Tag als eine neue Chance f\u00fcr positive Ver\u00e4nderung sehen &#8211; und widerlegen damit g\u00e4ngige Vorurteile \u00fcber fehlende Motivation zur aktiven Gewichtsabnahme.  Die H\u00fcrde: 21 Prozent der Betroffenen haben noch nie mit einem Arzt oder einer \u00c4rztin \u00fcber ihr Gewicht gesprochen &#8211; und mehr als die H\u00e4lfte f\u00fchlt sich schlecht \u00fcber moderne Behandlungsm\u00f6glichkeiten informiert.  Der Wunsch: Betroffene fordern ganzheitliche \u00e4rztliche Unterst\u00fctzung f\u00fcr mehr Lebensqualit\u00e4t &#8211; ob in der Praxis oder online. <\/p>\n<p>Menschen mit Adipositas in Deutschland zeigen eine deutlich h\u00f6here Motivation zur aktiven Gewichtsabnahme, als es g\u00e4ngige Vorurteile vermuten lassen. Laut einer aktuellen, repr\u00e4sentativen Civey-Umfrage im Auftrag von Novo Nordisk starten ca. 58 Prozent der Befragten optimistisch in den Tag und sehen ihn als neue Chance auf positive Ver\u00e4nderung. Gleichzeitig bleibt der Schritt in die \u00e4rztliche Versorgung f\u00fcr viele eine zentrale H\u00fcrde: Jede f\u00fcnfte Person mit Adipositas (ca. 21 Prozent) hat noch nie mit einem Arzt oder einer \u00c4rztin \u00fcber das eigene Gewicht gesprochen. Und selbst unter den Betroffenen in \u00e4rztlicher Behandlung f\u00fchlt sich mehr als die H\u00e4lfte (52 Prozent) schlecht \u00fcber moderne Behandlungsm\u00f6glichkeiten informiert. Die Ergebnisse machen deutlich: Ver\u00e4nderungsbereitschaft ist da &#8211; entscheidend ist, dass Betroffene passende Unterst\u00fctzung finden.<\/p>\n<p> Rund 17 Millionen Menschen in Deutschland leben mit Adipositas[1] &#8211; f\u00fcr sie ist der Weg zu einem ges\u00fcnderen Leben k\u00f6rperlich und mental eine enorme Herausforderung. Die Umfrage zeigt zugleich, was Betroffene mit Ver\u00e4nderung verbinden: Am meisten w\u00fcnschen sie sich nicht nur eine Gewichtsabnahme (45 Prozent), sondern schlichtweg mehr Beweglichkeit (54 Prozent) und mehr Energie im Alltag (39 Prozent) &#8211; Ver\u00e4nderung hei\u00dft f\u00fcr sie vor allem, das Leben wieder aktiver und leichter gestalten zu k\u00f6nnen. Als gr\u00f6\u00dfte Alltagsbremse f\u00fcr positive Ver\u00e4nderungen nennen die Befragten k\u00f6rperliche Beschwerden (23 Prozent). Sabrina Dulgeridis (34 J., aus N\u00fcrnberg) kennt die damit verbundene Frustration nur zu gut: &#8222;Jeden Morgen dachte ich: Heute schaffst du es! Und jeden Abend das Gef\u00fchl des Scheiterns &#8211; bis ich die richtige Unterst\u00fctzung fand. Pl\u00f6tzlich war da Hoffnung, ein echter Weg nach vorne.&#8220; Ihre Erfahrung verdeutlicht, warum g\u00e4ngige Zuschreibungen zu kurz greifen: Adipositas ist keine Frage von mangelnder Disziplin oder der simplen Formel &#8222;weniger essen, mehr bewegen&#8220;. Die Ursachen sind komplex und stark von genetischen und biologischen Faktoren gepr\u00e4gt.[2] <\/p>\n<p>Schweigen statt Sprechen: Wenn der erste Schritt ausbleibt<\/p>\n<p> Trotz der hohen Ver\u00e4nderungsbereitschaft bleibt das Gespr\u00e4ch \u00fcber das eigene Gewicht f\u00fcr viele schwierig. Die Umfrage zeigt: Jede f\u00fcnfte Person mit Adipositas (ca. 21 Prozent) hat noch nie mit einem Arzt oder einer \u00c4rztin \u00fcber das eigene Gewicht gesprochen. Gleichzeitig f\u00fchlt sich mehr als die H\u00e4lfte der Betroffenen in \u00e4rztlicher Behandlung (52 Prozent) schlecht \u00fcber moderne Behandlungsm\u00f6glichkeiten informiert. Wie pers\u00f6nlich die Gr\u00fcnde daf\u00fcr sein k\u00f6nnen, beschreibt Sabrina Dulgeridis aus eigener Erfahrung: &#8222;Ich habe mich lange gesch\u00e4mt und mich zur\u00fcckgezogen. Ich hatte Angst, nicht ernst genommen zu werden &#8211; und dachte, ich m\u00fcsste mein Gewicht ganz allein in den Griff bekommen.&#8220; Auch \u00c4rztin Josefin Kirsch kennt dieses Muster aus ihrer Praxis im Rhein-Main-Gebiet: &#8222;Viele Patient:innen wissen gar nicht, dass Adipositas eine von der WHO anerkannte chronische Erkrankung ist, die eine genauso ernsthafte Behandlung verdient wie andere chronische Krankheiten. Aus Scham oder Unsicherheit ziehen sich manche zur\u00fcck, statt sich Hilfe zu holen &#8211; dabei ist genau das der Moment, in dem \u00e4rztliche Unterst\u00fctzung am meisten bewirken kann.&#8220; <\/p>\n<p>Mehr als nur Di\u00e4t-Tipps: Der Wunsch nach echter Unterst\u00fctzung<\/p>\n<p> Ist der erste Schritt in die Arztpraxis geschafft, erhalten Betroffene h\u00e4ufig Empfehlungen zur Ern\u00e4hrungsumstellung (65 Prozent) und Bewegungssteigerung (64 Prozent). Doch bei einer chronischen Erkrankung wie Adipositas greifen reine Lebensstil\u00e4nderungen oft zu kurz: 67 Prozent der Betroffenen w\u00fcnschen sich mehr Unterst\u00fctzung f\u00fcr ihre langfristige Gesundheit. Zugleich f\u00fchlt sich aktuell mehr als die H\u00e4lfte der Betroffenen (51 Prozent) schlecht \u00fcber moderne Behandlungsm\u00f6glichkeiten bei Adipositas informiert. Der Wunsch nach einfacherem Zugang zu Spezialist:innen (ca. 47 Prozent) unterstreicht den Bedarf. Eine moderne \u00e4rztlich begleitete Adipositastherapie basiert auf den S\u00e4ulen der Ern\u00e4hrungs-, Bewegungs- und Verhaltenstherapie und kann, individuell abgestimmt, um medikament\u00f6se Optionen erg\u00e4nzt werden.[3] Die Patient:innen-Plattform \u00dcBER-GEWICHT.DE kann Betroffenen als erste Anlaufstelle dienen, um sich zu informieren und \u00e4rztliche Hilfe zu finden. <\/p>\n<p>&#8222;Es geht nicht nur um die Zahl auf der Waage&#8220;<\/p>\n<p> Im Zentrum einer solchen Behandlung steht die Lebensqualit\u00e4t. Josefin Kirsch, approbierte \u00c4rztin und Expertin f\u00fcr Adipositas und Ern\u00e4hrungsberatung, betont: &#8222;Genau das wollen wir mit einer ganzheitlichen Therapie erreichen. Es geht nicht nur um die Zahl auf der Waage, sondern um Lebensqualit\u00e4t.&#8220; Adipositas ist eine von der WHO anerkannte chronische Erkrankung[4], deren komplexe Ursachen professionelle, medizinische Begleitung erfordern.[3] Ihre ganzheitliche Behandlung ist essenziell, um schwerwiegenden Begleiterkrankungen wie Typ 2 Diabetes[5] oder Herz-Kreislauf-Erkrankungen[5] vorzubeugen. <\/p>\n<p> Doch der Zugang zu Fach\u00e4rzt:innen und Spezialist:innen ist f\u00fcr viele Patient:innen eine H\u00fcrde.[6,7] Scham, Selbstzweifel oder die Angst vor Stigmatisierung k\u00f6nnen den Schritt zur \u00e4rztlichen Hilfe zus\u00e4tzlich erschweren. Neben klassischen Praxisbesuchen etablieren sich daher zunehmend auch telemedizinische Angebote als niedrigschwellige Erg\u00e4nzung, um den Zugang zur \u00e4rztlichen Therapie zu vereinfachen und Stigmata abzubauen. Denn Therapietreue ist kein Selbstl\u00e4ufer &#8211; gerade bei einer chronischen Erkrankung wie Adipositas ist es wichtig, auch bei R\u00fcckschl\u00e4gen am Behandlungsplan festzuhalten und sich bei Fragen direkt an den Arzt bzw. die \u00c4rztin zu wenden, statt den Kontakt zu vermeiden. Wie wichtig dieser offene Austausch ist, wei\u00df auch Sabrina D.: &#8222;Es gab auch Phasen, in denen es nicht so lief, wie ich es mir erhofft hatte. Aber genau dann war es wichtig, nicht aufzugeben und dranzubleiben.&#8220; Anderen Betroffenen r\u00e4t sie daher eindringlich: &#8222;Sprecht offen mit eurem Arzt oder eurer \u00c4rztin, wenn Fragen oder Zweifel aufkommen &#8211; gerade dann helfen auch digitale Angebote, schnell und unkompliziert Unterst\u00fctzung zu finden. Man muss diesen Weg nicht allein gehen.&#8220; <\/p>\n<p>Einladung an Journalist:innen zum Presse-Event<\/p>\n<p>&#8222;Die Last von 17 Millionen. Adipositas erleben. Begreifen. Gemeinsam handeln.&#8220;<\/p>\n<p> Diskutieren Sie mit Expert:innen wie Prof. Dr. Meyh\u00f6fer (Leitung der Bereiche Klinische Forschung, Medizin und Zulassung bei Novo Nordisk Deutschland), Stefan Spieren (Facharzt f\u00fcr Allgemeinmedizin und Chirurgie), Susan Clever (Psychologin und Physiotherapeutin) und Tanja Marfo (Betroffene) \u00fcber Versorgungsbarrieren und erleben Sie die Perspektive Betroffener in einer exklusiven Audio-Experience. <\/p>\n<p>Wann &amp; Wo: 24.09.2026, 10:00-15:00 Uhr, Hamburg <\/p>\n<p> Bitte melden Sie sich bis zum 11.09.2026 unter  <a target=\"_blank\" class=\"uri-ext outbound\" rel=\"noopener nofollow\" href=\"https:\/\/www.presseportal.de\/pm\/21280\/mailto:novonordisk-obesity@bursonglobal.com\">novonordisk-obesity@bursonglobal.com<\/a> an. <\/p>\n<p>\u00dcber die Civey-Umfrage<\/p>\n<p>Repr\u00e4sentative Umfrage von Civey im Auftrag von Novo Nordisk, Befragungszeitraum: 09.-30.07.2026; Grundgesamtheit: Deutsche Bundesb\u00fcrger ab 18 Jahren (5.000); Personen mit einem BMI \u00fcber 30 (2.000); Personen mit BMI \u00fcber 30, die aufgrund ihres Gewichts einen Arzt aufgesucht haben (1.000).<\/p>\n<p>\u00dcber Adipositas<\/p>\n<p>Adipositas ist laut WHO eine chronische Erkrankung[4], die eine langfristige Behandlung erfordert. Bis 2035 k\u00f6nnte mehr als die H\u00e4lfte der Weltbev\u00f6lkerung unter \u00dcbergewicht oder Adipositas leiden. Das sind mehr als vier Milliarden Menschen.[8] Adipositas kann schwerwiegende gesundheitliche Folgen haben und mit einer verringerten Lebenserwartung einhergehen.[9] Adipositas-assoziierte Komorbidit\u00e4ten umfassen unter anderem: Typ 2 Diabetes[4,5], Herzerkrankungen[5], das obstruktive Schlafapnoe-Syndrom[10] und bestimmte Krebsarten.[5] Adipositas ist eine komplexe, multifaktorielle Krankheit, die durch genetische, physiologische, psychologische, sozio\u00f6konomische und Umweltfaktoren entstehen kann.[2] Weitere Informationen unter <a target=\"_blank\" class=\"uri-ext outbound\" rel=\"noopener nofollow\" href=\"https:\/\/novonordisk.sharepoint.com\/sites\/ObesityBusinessUnit2\/Shared%20Documents\/General\/01_Marketing\/06_Communication,%20PR\/02_Presse\/PMs\/2026\/Launch\/%C3%BCber-gewicht.de\">\u00dcBER-GEWICHT.DE<\/a>. <\/p>\n<p>\u00dcber Novo Nordisk Deutschland<\/p>\n<p>Novo Nordisk ist ein weltweit f\u00fchrendes Unternehmen im Gesundheitswesen, das 1923 gegr\u00fcndet wurde und seinen Hauptsitz in D\u00e4nemark hat. Wir treiben Ver\u00e4nderungen voran mit dem Ziel, schwere chronische Krankheiten zu besiegen. Die Basis daf\u00fcr bildet unsere langj\u00e4hrige Erfahrung in der Behandlung von Diabetes. Wir arbeiten an wissenschaftlichen Innovationen bis hin zur Heilung von Krankheiten, f\u00f6rdern den Zugang zu unseren Produkten f\u00fcr Patient:innen weltweit und engagieren uns aktiv f\u00fcr Pr\u00e4vention. Novo Nordisk besch\u00e4ftigt rund 67.900 Menschen in 80 L\u00e4ndern und vermarktet seine Produkte in rund 170 L\u00e4ndern. Deutschlandweit sind circa 550 Mitarbeiter:innen f\u00fcr Novo Nordisk t\u00e4tig, rund die H\u00e4lfte davon am Hauptsitz in Mainz. Weitere Informationen unter  <a target=\"_blank\" class=\"uri-ext outbound\" rel=\"noopener nofollow\" href=\"http:\/\/www.novonordisk.de\/\">www.novonordisk.de<\/a> und  <a target=\"_blank\" class=\"uri-ext outbound\" rel=\"noopener nofollow\" href=\"https:\/\/www.youtube.com\/@novonordisk-deutschland\">Novo Nordisk Deutschland &#8211; YouTube<\/a><\/p>\n<p>Referenzen<\/p>\n<p> 1. DAG &#8211; Deutsche Adipositas Gesellschaft. Was wir tun. Verf\u00fcgbar unter:  <a target=\"_blank\" class=\"uri-ext outbound\" rel=\"noopener nofollow\" href=\"https:\/\/adipositas-gesellschaft.de\/dag\/\">https:\/\/adipositas-gesellschaft.de\/dag\/<\/a>. <\/p>\n<p> 2. Wright SM, Aronne LJ. Causes of obesity. Abdom Imaging. 2012;37(5):730-732. <\/p>\n<p> 3. Deutsche Adipositas-Gesellschaft (DAG) e.V. S3-Leitlinie Adipositas &#8211; Pr\u00e4vention Und Therapie. Vol Version 5.0.; 2024. <\/p>\n<p> 4. World Health Organization. Obesity and Overweight Factsheet no. 311. Verf\u00fcgbar unter:  <a target=\"_blank\" class=\"uri-ext outbound\" rel=\"noopener nofollow\" href=\"http:\/\/www.who.int\/mediacentre\/factsheets\/fs311\/en\/\">http:\/\/www.who.int\/mediacentre\/factsheets\/fs311\/en\/<\/a>. <\/p>\n<p> 5. Guh DP, Zhang W, Bansback N, et al. The incidence of co-morbidities related to obesity and overweight: A systematic review and meta-analysis. BMC Public Health. 2009;9(1):88. <\/p>\n<p> 6. Pharma Fakten. Europa muss Adipositas endlich ernst nehmen.  <a target=\"_blank\" class=\"uri-ext outbound\" rel=\"noopener nofollow\" href=\"https:\/\/pharma-fakten.de\/grafiken\/europa-muss-adipositas-endlich-ernst-nehmen\/\">https:\/\/pharma-fakten.de\/grafiken\/europa-muss-adipositas-endlich-ernst-nehmen\/<\/a>. <\/p>\n<p> 7. DAG (Deutsche Adipositas Gesellschaft). Versorgungsl\u00fccke Adipositas &#8211; Expert:innen fordern mehr Hilfen f\u00fcr Betroffene &#8211; Adipositas-Kongress 2022 in M\u00fcnchen gestartet.  <a target=\"_blank\" class=\"uri-ext outbound\" rel=\"noopener nofollow\" href=\"https:\/\/adipositas-gesellschaft.de\/versorgungsluecke-adipositas-expertinnen-fordern-mehr-hilfen-fuer-betroffene-adipositas-kongress-2022-in-muenchen-gestartet\/\">https:\/\/adipositas-gesellschaft.de\/versorgungsluecke-adipositas-expertinnen-fordern-mehr-hilfen-fuer-betroffene-adipositas-kongress-2022-in-muenchen-gestartet\/<\/a>. <\/p>\n<p> 8. World Obesity Federation. World Obesity Atlas 2025. Verf\u00fcgbar unter:  <a target=\"_blank\" class=\"uri-ext outbound\" rel=\"noopener nofollow\" href=\"https:\/\/data.worldobesity.org\/publications\/world-obesity-atlas-2025-v6.pdf\">https:\/\/data.worldobesity.org\/publications\/world-obesity-atlas-2025-v6.pdf<\/a>. <\/p>\n<p> 9. Peeters A, Barendregt JJ, Willekens F, et al. Obesity in Adulthood and Its Consequences for Life Expectancy: A Life-Table Analysis. Ann Intern Med. 2003;138:24-32. <\/p>\n<p> 10. Gami AS, Caples SM, Somers VK. Obesity and obstructive sleep apnea. Endocrinol Metab Clin North Am. 2003;32(4):869-894. <\/p>\n<p class=\"contact-headline\">Pressekontakt:<\/p>\n<p class=\"contact-text\">Novo Nordisk Pharma GmbH<br \/>Veronique Gairing, Senior Communications Lead<br \/>Telefon: +49 172-1738108 (mobile)<br \/><a href=\"https:\/\/www.presseportal.de\/pm\/21280\/mailto:de-presse@novonordisk.com\" class=\"uri-mailto\" rel=\"nofollow noopener\" target=\"_blank\">de-presse@novonordisk.com<\/a><\/p>\n<p>Burson GmbH<br \/>Lisa van der Linden<br \/>Telefon: +49 1732139224 (mobile)<br \/><a href=\"https:\/\/www.presseportal.de\/pm\/21280\/mailto:lisa.vanderlinden@bursonglobal.com\" class=\"uri-mailto\" rel=\"nofollow noopener\" target=\"_blank\">lisa.vanderlinden@bursonglobal.com<\/a><\/p>\n<p class=\"originator\">Original-Content von: Novo Nordisk Pharma GmbH, \u00fcbermittelt durch news aktuell<\/p>\n","protected":false},"excerpt":{"rendered":"01.09.2026 \u2013 12:03 Novo Nordisk Pharma GmbH Mainz (ots) Neuer Optimismus: Repr\u00e4sentative Civey-Daten zeigen, dass 58 Prozent der&hellip;\n","protected":false},"author":2,"featured_media":370174,"comment_status":"","ping_status":"","sticky":false,"template":"","format":"standard","meta":{"footnotes":"","_share_on_mastodon":"0"},"categories":[20],"tags":[16435,46,42,6352,124,123,44,58,6354,6353,4974,3346,4165],"class_list":["post-370173","post","type-post","status-publish","format-standard","has-post-thumbnail","category-gesundheit","tag-adipositas","tag-at","tag-austria","tag-bild","tag-gesundheit","tag-health","tag-oesterreich","tag-presse","tag-pressemeldung","tag-pressemitteilung","tag-pressemitteilungen","tag-ratgeber","tag-umfrage"],"share_on_mastodon":{"url":"https:\/\/pubeurope.com\/@at\/117200243321274870","error":""},"_links":{"self":[{"href":"https:\/\/www.europesays.com\/at\/wp-json\/wp\/v2\/posts\/370173","targetHints":{"allow":["GET"]}}],"collection":[{"href":"https:\/\/www.europesays.com\/at\/wp-json\/wp\/v2\/posts"}],"about":[{"href":"https:\/\/www.europesays.com\/at\/wp-json\/wp\/v2\/types\/post"}],"author":[{"embeddable":true,"href":"https:\/\/www.europesays.com\/at\/wp-json\/wp\/v2\/users\/2"}],"replies":[{"embeddable":true,"href":"https:\/\/www.europesays.com\/at\/wp-json\/wp\/v2\/comments?post=370173"}],"version-history":[{"count":0,"href":"https:\/\/www.europesays.com\/at\/wp-json\/wp\/v2\/posts\/370173\/revisions"}],"wp:featuredmedia":[{"embeddable":true,"href":"https:\/\/www.europesays.com\/at\/wp-json\/wp\/v2\/media\/370174"}],"wp:attachment":[{"href":"https:\/\/www.europesays.com\/at\/wp-json\/wp\/v2\/media?parent=370173"}],"wp:term":[{"taxonomy":"category","embeddable":true,"href":"https:\/\/www.europesays.com\/at\/wp-json\/wp\/v2\/categories?post=370173"},{"taxonomy":"post_tag","embeddable":true,"href":"https:\/\/www.europesays.com\/at\/wp-json\/wp\/v2\/tags?post=370173"}],"curies":[{"name":"wp","href":"https:\/\/api.w.org\/{rel}","templated":true}]}}