{"id":370193,"date":"2026-09-02T07:32:12","date_gmt":"2026-09-02T07:32:12","guid":{"rendered":"https:\/\/www.europesays.com\/at\/370193\/"},"modified":"2026-09-02T07:32:12","modified_gmt":"2026-09-02T07:32:12","slug":"erntedankfest-oberoesterreichs-bauern-sagen-danke","status":"publish","type":"post","link":"https:\/\/www.europesays.com\/at\/370193\/","title":{"rendered":"Erntedankfest: Ober\u00f6sterreichs Bauern sagen \u201eDanke\u201c"},"content":{"rendered":"<p> LINZ. Die Landwirtschaftskammer O\u00d6, die Dompfarre Linz und die ober\u00f6sterreichischen Bauern sagen \u201eDanke\u201c im Rahmen eines traditionellen <a data-mce-href=\"https:\/\/ooe.lko.at\/erntedankfest-2026+2400+4270505\" rel=\"nofollow noopener\" target=\"_blank\" href=\"https:\/\/ooe.lko.at\/erntedankfest-2026+2400+4270505\">Erntedankfestes <\/a>am Sonntag, 20. September. <\/p>\n<p>Um 10 Uhr h\u00e4lt Bischof Manfred Scheuer die Messe im Linzer Mariendom, gestaltet vom B\u00e4uerinnen-Chor des Bezirkes Linz-Land sowie dem Bauernchor aus Micheldorf.<\/p>\n<p>B\u00e4uerliche Produzenten laden ein<\/p>\n<p>Nach der Messe, von 11 Uhr bis 15 Uhr, laden b\u00e4uerliche Produzenten aus ganz O\u00d6 zum Verkosten, Genie\u00dfen und zum Einkaufen ein. Besucher d\u00fcrfen sich freuen auf duftendes Brot und gebackene M\u00e4use, Bauernhofeis, Obst- und Gem\u00fcseprodukte, Getreideprodukte, Honig und Tees, Grillspezialit\u00e4ten, Steckerlfische, Grillhendl und Kn\u00f6delvariationen, Moste, S\u00e4fte, Wein und Bier aus der Region sowie Musik, Tanz und Kinderprogramm.<\/p>\n","protected":false},"excerpt":{"rendered":"LINZ. Die Landwirtschaftskammer O\u00d6, die Dompfarre Linz und die ober\u00f6sterreichischen Bauern sagen \u201eDanke\u201c im Rahmen eines traditionellen Erntedankfestes&hellip;\n","protected":false},"author":2,"featured_media":370194,"comment_status":"","ping_status":"","sticky":false,"template":"","format":"standard","meta":{"footnotes":"","_share_on_mastodon":"0"},"categories":[30],"tags":[92820,46,42,26215,92819,184,7283,44],"class_list":["post-370193","post","type-post","status-publish","format-standard","has-post-thumbnail","category-linz","tag-538406-landwirtschaftskammer-ooe","tag-at","tag-austria","tag-bauern","tag-erntedankfest","tag-linz","tag-mariendom","tag-oesterreich"],"share_on_mastodon":{"url":"https:\/\/pubeurope.com\/@at\/117200286495667710","error":""},"_links":{"self":[{"href":"https:\/\/www.europesays.com\/at\/wp-json\/wp\/v2\/posts\/370193","targetHints":{"allow":["GET"]}}],"collection":[{"href":"https:\/\/www.europesays.com\/at\/wp-json\/wp\/v2\/posts"}],"about":[{"href":"https:\/\/www.europesays.com\/at\/wp-json\/wp\/v2\/types\/post"}],"author":[{"embeddable":true,"href":"https:\/\/www.europesays.com\/at\/wp-json\/wp\/v2\/users\/2"}],"replies":[{"embeddable":true,"href":"https:\/\/www.europesays.com\/at\/wp-json\/wp\/v2\/comments?post=370193"}],"version-history":[{"count":0,"href":"https:\/\/www.europesays.com\/at\/wp-json\/wp\/v2\/posts\/370193\/revisions"}],"wp:featuredmedia":[{"embeddable":true,"href":"https:\/\/www.europesays.com\/at\/wp-json\/wp\/v2\/media\/370194"}],"wp:attachment":[{"href":"https:\/\/www.europesays.com\/at\/wp-json\/wp\/v2\/media?parent=370193"}],"wp:term":[{"taxonomy":"category","embeddable":true,"href":"https:\/\/www.europesays.com\/at\/wp-json\/wp\/v2\/categories?post=370193"},{"taxonomy":"post_tag","embeddable":true,"href":"https:\/\/www.europesays.com\/at\/wp-json\/wp\/v2\/tags?post=370193"}],"curies":[{"name":"wp","href":"https:\/\/api.w.org\/{rel}","templated":true}]}}