{"id":370351,"date":"2026-09-02T09:08:08","date_gmt":"2026-09-02T09:08:08","guid":{"rendered":"https:\/\/www.europesays.com\/at\/370351\/"},"modified":"2026-09-02T09:08:08","modified_gmt":"2026-09-02T09:08:08","slug":"sturm-graz-talent-zieht-es-zu-olympique-lyon","status":"publish","type":"post","link":"https:\/\/www.europesays.com\/at\/370351\/","title":{"rendered":"Sturm-Graz-Talent zieht es zu Olympique Lyon"},"content":{"rendered":"<p>Im Sommer 2025 stellte der <a href=\"https:\/\/www.laola1.at\/de\/daten\/news\/fussball\/sk-sturm-graz\/\" class=\"tag\" rel=\"nofollow noopener\" target=\"_blank\">SK Sturm Graz<\/a> Innenverteidiger Ismael Jabateh aus der Jugend von AJ Auxerre vor.<\/p>\n<p>Bei Sturm II konnte sich der Franzose nicht behaupten, absolvierte gerade einmal ein Spiel in der ADMIRAL <a href=\"https:\/\/www.laola1.at\/de\/daten\/news\/fussball\/2--liga\/\" class=\"tag\" rel=\"nofollow noopener\" target=\"_blank\">2. Liga<\/a> und eines f\u00fcr die U18 der Grazer.<\/p>\n<p>Jetzt zieht es den 19-J\u00e4hrigen zur\u00fcck nach Frankreich zu <a href=\"https:\/\/www.laola1.at\/de\/daten\/news\/fussball\/olympique-lyon\/\" class=\"tag\" rel=\"nofollow noopener\" target=\"_blank\">Olympique Lyon<\/a>. &#8222;Auch f\u00fcr enorm talentierte Spieler wie Isma\u00ebl Jabateh ist der Schritt in ein anderes Land, eine andere Fu\u00dfballkultur und weg aus dem gewohnten Umfeld oft ein schwieriger. Auch wenn es in Graz nicht f\u00fcr ihn geklappt hat, m\u00f6chten wir uns bei Isma\u00ebl f\u00fcr seinen Einsatz bedanken und w\u00fcschen ihm alles Gute f\u00fcr seine weitere Karriere&#8220;, so Sportchef Michael Parensen.<\/p>\n","protected":false},"excerpt":{"rendered":"Im Sommer 2025 stellte der SK Sturm Graz Innenverteidiger Ismael Jabateh aus der Jugend von AJ Auxerre vor.&hellip;\n","protected":false},"author":2,"featured_media":370352,"comment_status":"","ping_status":"","sticky":false,"template":"","format":"standard","meta":{"footnotes":"","_share_on_mastodon":"0"},"categories":[29],"tags":[1322,46,42,964,183,7521,44,16335,1877],"class_list":["post-370351","post","type-post","status-publish","format-standard","has-post-thumbnail","category-graz","tag-2-liga","tag-at","tag-austria","tag-fussball","tag-graz","tag-olympique-lyon","tag-oesterreich","tag-sk-sturm-ii","tag-transfermarkt"],"share_on_mastodon":{"url":"https:\/\/pubeurope.com\/@at\/117200663667584594","error":""},"_links":{"self":[{"href":"https:\/\/www.europesays.com\/at\/wp-json\/wp\/v2\/posts\/370351","targetHints":{"allow":["GET"]}}],"collection":[{"href":"https:\/\/www.europesays.com\/at\/wp-json\/wp\/v2\/posts"}],"about":[{"href":"https:\/\/www.europesays.com\/at\/wp-json\/wp\/v2\/types\/post"}],"author":[{"embeddable":true,"href":"https:\/\/www.europesays.com\/at\/wp-json\/wp\/v2\/users\/2"}],"replies":[{"embeddable":true,"href":"https:\/\/www.europesays.com\/at\/wp-json\/wp\/v2\/comments?post=370351"}],"version-history":[{"count":0,"href":"https:\/\/www.europesays.com\/at\/wp-json\/wp\/v2\/posts\/370351\/revisions"}],"wp:featuredmedia":[{"embeddable":true,"href":"https:\/\/www.europesays.com\/at\/wp-json\/wp\/v2\/media\/370352"}],"wp:attachment":[{"href":"https:\/\/www.europesays.com\/at\/wp-json\/wp\/v2\/media?parent=370351"}],"wp:term":[{"taxonomy":"category","embeddable":true,"href":"https:\/\/www.europesays.com\/at\/wp-json\/wp\/v2\/categories?post=370351"},{"taxonomy":"post_tag","embeddable":true,"href":"https:\/\/www.europesays.com\/at\/wp-json\/wp\/v2\/tags?post=370351"}],"curies":[{"name":"wp","href":"https:\/\/api.w.org\/{rel}","templated":true}]}}