{"id":370427,"date":"2026-09-02T09:51:09","date_gmt":"2026-09-02T09:51:09","guid":{"rendered":"https:\/\/www.europesays.com\/at\/370427\/"},"modified":"2026-09-02T09:51:09","modified_gmt":"2026-09-02T09:51:09","slug":"das-sagen-gzsz-stars-gisa-zach-und-wolfgang-bahro-ueber-yvonnes-doppelleben","status":"publish","type":"post","link":"https:\/\/www.europesays.com\/at\/370427\/","title":{"rendered":"DAS sagen GZSZ-Stars Gisa Zach und Wolfgang Bahro \u00fcber Yvonnes \u201eDoppelleben\u201d"},"content":{"rendered":"<p>GZSZ-Stars im InterviewLiebescomeback oder alles aus? War Yvonnes \u201eDoppelleben\u201d der richtige Weg in Gerners Herz?<\/p>\n<p class=\"AnnotatedMarkup_paragraph__IUT9l\">Ob das wirklich eine gute Idee war&#8230; <br \/>Yvonne (Gisa Zach) hat sich als Vivian Rabe ausgegeben, um wieder Kontakt zum tief entt\u00e4uschten Jo Gerner (Wolfgang Bahro) aufzubauen und sein Herz zur\u00fcckzugewinnen. Im Video sprechen Wolfgang Bahro und Gisa Zach \u00fcber Yvonnes Plan und dar\u00fcber, was sie von diesem Trick halten.<\/p>\n<p>Kann Yvonne als Vivian Rabe ihre Ehe mit Gerner retten?<\/p>\n<p class=\"AnnotatedMarkup_paragraph__IUT9l\">Um den von ihr tief entt\u00e4uschen Jo Gerner (<a href=\"https:\/\/www.rtl.de\/cms\/gzsz-wolfgang-bahro-spielt-jo-gerner-811164.html\" target=\"_self\" rel=\"nofollow noopener\">Wolfgang Bahro<\/a>) wieder f\u00fcr sich zu gewinnen, hat Yvonne (<a href=\"https:\/\/www.rtl.de\/cms\/gzsz-gisa-zach-spielt-yvonne-bode-4315937.html\" target=\"_self\" rel=\"nofollow noopener\">Gisa Zach<\/a>) eine Art Doppelleben gef\u00fchrt. Als Vivian Rabe kam sie online mit Gerner ins Gespr\u00e4ch und schaffte es, ihn f\u00fcr sich zu interessieren. Sich als jemand anders auszugeben, obwohl das Vertrauen sowieso schon zerst\u00f6rt ist, ist das wirklich eine gute Idee, haben wir Schauspielerin Gisa Zach gefragt: \u201eAlso ich fand die Idee mit Vivian Rabe und diesem Mail-Verkehr irgendwie smart. Ich fand das irgendwie ne wirklich s\u00fc\u00dfe Idee,\u201d sagt sie im Doppelinterview mit ihrem Serien-Ehemann. Immerhin habe Vivian ja nichts geschrieben, was Yvonne nicht ebenfalls h\u00e4tte sagen wollen: \u201eSie wollte ja auch, dass er Yvonne liebt und nicht Vivian Rabe,\u201d sagt Gisa Zach.<\/p>\n<p><img alt=\"GZSZ Gerner und Yvonne.jpg\" fetchpriority=\"auto\" loading=\"lazy\" width=\"940\" height=\"529\" decoding=\"async\" data-nimg=\"1\" class=\"Image_image__SdgLQ Picture_image__vGN9W\" style=\"color:transparent\"   src=\"https:\/\/www.europesays.com\/at\/wp-content\/uploads\/2026\/09\/gzsz-gerner-und-yvonne.webp\"\/><\/p>\n<p>Yvonne (Gisa Zach) und Gerner (Wolfgang Bahro) kommen sich dank Yvonnes Strategie wieder n\u00e4her.<\/p>\n<p>RTL<\/p>\n<p class=\"AnnotatedMarkup_paragraph__IUT9l\">Und auch Wolfgang Bahro findet, dass Yvonnes \u201eAlter Ego\u201d sich schon kr\u00e4ftig ins Zeug gelegt hat, um Gerner zu beeindrucken. <a href=\"https:\/\/www.rtl.de\/sendungen\/gzsz\/gzsz-star-wolfgang-bahro-und-bestseller-autor-sebastian-fitzek-haben-eine-besondere-verbindung-id31115522.html\" target=\"_self\" rel=\"nofollow noopener\">Immerhin organisierte sie eine Privatlesung von Star-Autor Sebastian Fitzek f\u00fcr ihn<\/a>! Dass Yvonne als \u201eVivian Rabe\u201d auffliegen k\u00f6nnte und deshalb bewusst beispielsweise einen anderen Schreibstil in dem Mailverkehr mit Gerner benutzt habe, glaubt Gisa Zach eher nicht. Sie meint, \u201etypisch Yvonne\u201d w\u00e4re, \u201edass sie sich nicht so viel Kopp darum gemacht\u201d habe.<\/p>\n<p><img alt=\"Gute Zeiten, schlechte Zeiten\" fetchpriority=\"auto\" loading=\"lazy\" width=\"615\" height=\"346\" decoding=\"async\" data-nimg=\"1\" class=\"Image_image__SdgLQ RtlPlusContent_image__Gbn0N\" style=\"color:transparent\"   src=\"https:\/\/www.europesays.com\/at\/wp-content\/uploads\/2026\/09\/gute-zeiten-schlechte-zeiten.webp\"\/>Yvonnes Doppelleben fliegt auf<\/p>\n<p class=\"AnnotatedMarkup_paragraph__IUT9l\">Am Ende erf\u00e4hrt Gerner die Wahrheit, allerdings nicht von Yvonne. Die sei zwar fest entschlossen gewesen, ihm reinen Wein einzuschenken, erkl\u00e4rt Gisa Zach, habe sich dann aber nicht getraut. Gerners Tochter Matilda (Anna-Katharina Fecher) verplappert sich und verr\u00e4t ihrem Vater, wer hinter Vivian Rabe wirklich steckt. Gerner spielt das Spielchen weiter mit, ob er Yvonne den Trick \u00fcbelnimmt oder ihr \u201eDoppelleben\u201d die Ehe rettet, ist aber noch nicht klar!<\/p>\n<p class=\"AnnotatedMarkup_paragraph__IUT9l\">Quelle: RTL-Eigenrecherche<\/p>\n","protected":false},"excerpt":{"rendered":"GZSZ-Stars im InterviewLiebescomeback oder alles aus? War Yvonnes \u201eDoppelleben\u201d der richtige Weg in Gerners Herz? Ob das wirklich&hellip;\n","protected":false},"author":2,"featured_media":370428,"comment_status":"","ping_status":"","sticky":false,"template":"","format":"standard","meta":{"footnotes":"","_share_on_mastodon":"0"},"categories":[25],"tags":[90812,46,42,147,43643,241,238,244,243,44,239,156,155,242,240,148,43009],"class_list":["post-370427","post","type-post","status-publish","format-standard","has-post-thumbnail","category-serien","tag-anna-katharina-fecher","tag-at","tag-austria","tag-entertainment","tag-gisa-zach","tag-gute-zeiten-schlechte-zeiten","tag-gzsz","tag-gzsz-schauspieler","tag-gzsz-vorschau","tag-oesterreich","tag-serie","tag-serien","tag-series","tag-soap","tag-tv","tag-unterhaltung","tag-wolfgang-bahro"],"share_on_mastodon":{"url":"https:\/\/pubeurope.com\/@at\/117200833543356328","error":""},"_links":{"self":[{"href":"https:\/\/www.europesays.com\/at\/wp-json\/wp\/v2\/posts\/370427","targetHints":{"allow":["GET"]}}],"collection":[{"href":"https:\/\/www.europesays.com\/at\/wp-json\/wp\/v2\/posts"}],"about":[{"href":"https:\/\/www.europesays.com\/at\/wp-json\/wp\/v2\/types\/post"}],"author":[{"embeddable":true,"href":"https:\/\/www.europesays.com\/at\/wp-json\/wp\/v2\/users\/2"}],"replies":[{"embeddable":true,"href":"https:\/\/www.europesays.com\/at\/wp-json\/wp\/v2\/comments?post=370427"}],"version-history":[{"count":0,"href":"https:\/\/www.europesays.com\/at\/wp-json\/wp\/v2\/posts\/370427\/revisions"}],"wp:featuredmedia":[{"embeddable":true,"href":"https:\/\/www.europesays.com\/at\/wp-json\/wp\/v2\/media\/370428"}],"wp:attachment":[{"href":"https:\/\/www.europesays.com\/at\/wp-json\/wp\/v2\/media?parent=370427"}],"wp:term":[{"taxonomy":"category","embeddable":true,"href":"https:\/\/www.europesays.com\/at\/wp-json\/wp\/v2\/categories?post=370427"},{"taxonomy":"post_tag","embeddable":true,"href":"https:\/\/www.europesays.com\/at\/wp-json\/wp\/v2\/tags?post=370427"}],"curies":[{"name":"wp","href":"https:\/\/api.w.org\/{rel}","templated":true}]}}