{"id":370431,"date":"2026-09-02T09:54:09","date_gmt":"2026-09-02T09:54:09","guid":{"rendered":"https:\/\/www.europesays.com\/at\/370431\/"},"modified":"2026-09-02T09:54:09","modified_gmt":"2026-09-02T09:54:09","slug":"orf-premiere-fuer-zweiten-teil-von-martin-frank-wahrscheinlich-liegts-an-mir-am-4-september","status":"publish","type":"post","link":"https:\/\/www.europesays.com\/at\/370431\/","title":{"rendered":"ORF-Premiere f\u00fcr zweiten Teil von \u201eMartin Frank: Wahrscheinlich liegt\u2019s an mir\u201c am 4. September"},"content":{"rendered":"<p>Wien (OTS) &#8211;\u00a0<\/p>\n<p>Martin Frank stellt sich in seinem f\u00fcnften Soloprogramm seinen ganz pers\u00f6nlichen Generationenkonflikten, nimmt dabei vor allem sich selbst aufs Korn und vermutet \u201eWahrscheinlich liegt\u2019s an mir\u201c. Die ORF-Premiere des zweiten Teils der Aufzeichnung ist am Freitag, dem 4. September 2026, um 20.15 Uhr in ORF 1 und 24 Stunden vorab auf ORF ON zu sehen. Anschlie\u00dfend sorgen die \u201eWas gibt es Neues? \u2013 Classics\u201c (21.20 Uhr) und das Dacapo \u201eSeidl und Fleischhacker im Au\u00dfendienst: Richard L\u00f6wenherz und die Sache mit dem Mut\u201c (22.10 Uhr) f\u00fcr weitere Lacher am Freitagabend.<\/p>\n<p>Mehr zu \u201eMartin Frank: Wahrscheinlich liegt\u2019s an mir\u201c: <\/p>\n<p>In seinem f\u00fcnften Soloprogramm nimmt Martin Frank das Publikum spitzb\u00fcbisch mit in die Generationenkonflikte seines Mehrgenerationenhauses. Er gibt wertvolle Tipps, wie man Einladungen zu extravaganten Essen \u00fcbersteht, und fragt sich, ob Geburtstagsfeiern \u00fcberhaupt noch zeitgem\u00e4\u00df sind. Denn die meiste Arbeit vor, w\u00e4hrend und nach einer Geburt bleibt ja bei der Mama h\u00e4ngen und nicht beim Geburtstagskind. Au\u00dferdem muss sich der 34-J\u00e4hrige langsam eingestehen, dass er den Kampf, seinen Eltern nicht \u00e4hnlich zu werden, offensichtlich verloren hat, und sucht sich zum Schluss Hilfe beim Publikum. Die Sendung ist eine Aufzeichnung vom 15. Oktober 2025 im Circus Krone in M\u00fcnchen.<\/p>\n<p _ngcontent-ng-c2115416006=\"\"> OTS-ORIGINALTEXT PRESSEAUSSENDUNG UNTER AUSSCHLIESSLICHER<br \/>\nINHALTLICHER VERANTWORTUNG DES AUSSENDERS &#8211; WWW.OTS.AT | NRF<\/p>\n","protected":false},"excerpt":{"rendered":"Wien (OTS) &#8211;\u00a0 Martin Frank stellt sich in seinem f\u00fcnften Soloprogramm seinen ganz pers\u00f6nlichen Generationenkonflikten, nimmt dabei vor&hellip;\n","protected":false},"author":2,"featured_media":370432,"comment_status":"","ping_status":"","sticky":false,"template":"","format":"standard","meta":{"footnotes":"","_share_on_mastodon":"0"},"categories":[22],"tags":[26393,26395,46,42,147,1141,2140,45532,1572,996,44,26394,148],"class_list":["post-370431","post","type-post","status-publish","format-standard","has-post-thumbnail","category-unterhaltung","tag-apa","tag-apa-ots","tag-at","tag-austria","tag-entertainment","tag-fernsehen","tag-kabarett","tag-martin-frank","tag-medien","tag-orf","tag-oesterreich","tag-ots","tag-unterhaltung"],"share_on_mastodon":{"url":"https:\/\/pubeurope.com\/@at\/117200844797135154","error":""},"_links":{"self":[{"href":"https:\/\/www.europesays.com\/at\/wp-json\/wp\/v2\/posts\/370431","targetHints":{"allow":["GET"]}}],"collection":[{"href":"https:\/\/www.europesays.com\/at\/wp-json\/wp\/v2\/posts"}],"about":[{"href":"https:\/\/www.europesays.com\/at\/wp-json\/wp\/v2\/types\/post"}],"author":[{"embeddable":true,"href":"https:\/\/www.europesays.com\/at\/wp-json\/wp\/v2\/users\/2"}],"replies":[{"embeddable":true,"href":"https:\/\/www.europesays.com\/at\/wp-json\/wp\/v2\/comments?post=370431"}],"version-history":[{"count":0,"href":"https:\/\/www.europesays.com\/at\/wp-json\/wp\/v2\/posts\/370431\/revisions"}],"wp:featuredmedia":[{"embeddable":true,"href":"https:\/\/www.europesays.com\/at\/wp-json\/wp\/v2\/media\/370432"}],"wp:attachment":[{"href":"https:\/\/www.europesays.com\/at\/wp-json\/wp\/v2\/media?parent=370431"}],"wp:term":[{"taxonomy":"category","embeddable":true,"href":"https:\/\/www.europesays.com\/at\/wp-json\/wp\/v2\/categories?post=370431"},{"taxonomy":"post_tag","embeddable":true,"href":"https:\/\/www.europesays.com\/at\/wp-json\/wp\/v2\/tags?post=370431"}],"curies":[{"name":"wp","href":"https:\/\/api.w.org\/{rel}","templated":true}]}}