{"id":370457,"date":"2026-09-02T10:07:09","date_gmt":"2026-09-02T10:07:09","guid":{"rendered":"https:\/\/www.europesays.com\/at\/370457\/"},"modified":"2026-09-02T10:07:09","modified_gmt":"2026-09-02T10:07:09","slug":"betrunkene-attackierte-ehemann-in-wien-mit-messer","status":"publish","type":"post","link":"https:\/\/www.europesays.com\/at\/370457\/","title":{"rendered":"Betrunkene attackierte Ehemann in Wien mit Messer"},"content":{"rendered":"<p>        <img decoding=\"async\" src=\"https:\/\/www.europesays.com\/at\/wp-content\/uploads\/2026\/09\/63690011494832116_BLD_Online.jpg\" data-fullscreen-src=\"https:\/\/www.noen.at\/image\/3840x0-jpg\/6609846\/63690011494832116_BLD_Online.jpg\" bad-src=\"https:\/\/www.europesays.com\/at\/wp-content\/uploads\/2026\/09\/63690011494832116_BLD_Online.jpg\" data-teaser-member=\"image\" alt=\"Die Polizei nahm die betrunkene Frau fest\"\/><\/p>\n<p>\n                Die Polizei nahm die betrunkene Frau fest            <\/p>\n<p>\n                Foto:<br \/>\n                APA\/THEMENBILD                            <\/p>\n<p>\n        Eine alkoholisierte 60-j\u00e4hrige Frau ist am Dienstag w\u00e4hrend eines Streits in einem Einfamilienhaus in Wien-Simmering mit einem Messer auf ihren Ehemann losgegangen. Der 79-J\u00e4hrige erlitt dabei Schnittverletzungen im Gesicht, fl\u00fcchtete aus dem Haus und rief die Einsatzkr\u00e4fte. Bei den Ermittlungen gab er an, von seiner Frau bereits am Vortag mit einem Sch\u00fcrhaken attackiert worden zu sein. Das berichtete die Polizei am Mittwoch.    <\/p>\n<p>Die zun\u00e4chst fl\u00fcchtige Tatverd\u00e4chtige wurde am Abend in einem Hotel in Wien-Landstra\u00dfe aufgefunden und wegen des Verdachts des versuchten Mordes festgenommen. Bei ihr stellte man eine Alkoholisierung von etwa 1,6 Promille fest, berichtete ein Polizeisprecher. Die mutma\u00dfliche Tatwaffe, ein K\u00fcchenmesser, wurde ebenfalls sichergestellt. Vor der Einlieferung in die Justizanstalt wurden Betretungs- und Ann\u00e4herungsverbote sowie ein vorl\u00e4ufiges Waffenverbot ausgesprochen. Die Ermittlungen laufen.<\/p>\n","protected":false},"excerpt":{"rendered":"Die Polizei nahm die betrunkene Frau fest Foto: APA\/THEMENBILD Eine alkoholisierte 60-j\u00e4hrige Frau ist am Dienstag w\u00e4hrend eines&hellip;\n","protected":false},"author":2,"featured_media":370458,"comment_status":"","ping_status":"","sticky":false,"template":"","format":"standard","meta":{"footnotes":"","_share_on_mastodon":"0"},"categories":[28],"tags":[277,2026,46,42,899,889,44,234,181,182],"class_list":["post-370457","post","type-post","status-publish","format-standard","has-post-thumbnail","category-wien","tag-_apafeed","tag-_isshort","tag-at","tag-austria","tag-ermittlung","tag-festnahme","tag-oesterreich","tag-verletzung","tag-vienna","tag-wien"],"share_on_mastodon":{"url":"","error":""},"_links":{"self":[{"href":"https:\/\/www.europesays.com\/at\/wp-json\/wp\/v2\/posts\/370457","targetHints":{"allow":["GET"]}}],"collection":[{"href":"https:\/\/www.europesays.com\/at\/wp-json\/wp\/v2\/posts"}],"about":[{"href":"https:\/\/www.europesays.com\/at\/wp-json\/wp\/v2\/types\/post"}],"author":[{"embeddable":true,"href":"https:\/\/www.europesays.com\/at\/wp-json\/wp\/v2\/users\/2"}],"replies":[{"embeddable":true,"href":"https:\/\/www.europesays.com\/at\/wp-json\/wp\/v2\/comments?post=370457"}],"version-history":[{"count":0,"href":"https:\/\/www.europesays.com\/at\/wp-json\/wp\/v2\/posts\/370457\/revisions"}],"wp:featuredmedia":[{"embeddable":true,"href":"https:\/\/www.europesays.com\/at\/wp-json\/wp\/v2\/media\/370458"}],"wp:attachment":[{"href":"https:\/\/www.europesays.com\/at\/wp-json\/wp\/v2\/media?parent=370457"}],"wp:term":[{"taxonomy":"category","embeddable":true,"href":"https:\/\/www.europesays.com\/at\/wp-json\/wp\/v2\/categories?post=370457"},{"taxonomy":"post_tag","embeddable":true,"href":"https:\/\/www.europesays.com\/at\/wp-json\/wp\/v2\/tags?post=370457"}],"curies":[{"name":"wp","href":"https:\/\/api.w.org\/{rel}","templated":true}]}}