{"id":370531,"date":"2026-09-02T10:46:16","date_gmt":"2026-09-02T10:46:16","guid":{"rendered":"https:\/\/www.europesays.com\/at\/370531\/"},"modified":"2026-09-02T10:46:16","modified_gmt":"2026-09-02T10:46:16","slug":"sandra-bullock-und-nicole-kidman-glaenzen-in-los-angeles","status":"publish","type":"post","link":"https:\/\/www.europesays.com\/at\/370531\/","title":{"rendered":"Sandra Bullock und Nicole Kidman gl\u00e4nzen in Los Angeles"},"content":{"rendered":"<p>\nLifestyle\n<\/p>\n<p>Aktualisiert am 01.09.2026, 11:27 Uhr\n<\/p>\n<p><a href=\"https:\/\/i0.web.de\/image\/980\/42674980,pd=1\/nicole-kidman-sandra-bullock-premiere-zauberhafte-.jpg\" data-brain-zone=\".42674978.content.lead.1\" data-component-path=\"content.lead.1\" data-component-name=\"article-image\" rel=\"nofollow noopener\" target=\"_blank\"> <\/p>\n<p><img loading=\"lazy\" decoding=\"async\" src=\"https:\/\/www.europesays.com\/at\/wp-content\/uploads\/2026\/09\/nicole-kidman-sandra-bullock-premiere-zauberhafte-.jpg\" alt=\"Nicole Kidman und Sandra Bullock bei der Premiere von &quot;Zauberhafte Schwestern 2&quot; in Kalifornien.\" width=\"950\" height=\"534\"\/><\/p>\n<p><\/a> <\/p>\n<p>\nNicole Kidman und Sandra Bullock bei der Premiere von &#8222;Zauberhafte Schwestern 2&#8220; in Kalifornien.<br \/>\n\u00a9\u00a0imago\/AFF-USA \/ LISA OConnor\n<\/p>\n<p class=\"content__description\" data-speakable=\"\">Hollywood-Glamour pur: Nicole Kidman strahlt bei der &#8222;Zauberhafte Schwestern 2&#8220;-Premiere in einem Spitzenkleid, w\u00e4hrend Sandra Bullock ein schwarzes Samtkleid mit wei\u00dfem Kragen und tiefem Ausschnitt tr\u00e4gt.<\/p>\n<p data-speakable=\"\"><a data-component-name=\"link.semantic\" data-brain-zone=\".42674978.content.textlink_2\" data-component-path=\"content.textlink_2\" href=\"https:\/\/web.de\/magazine\/unterhaltung\/thema\/sandra-bullock\" rel=\"nofollow noopener\" target=\"_blank\">Sandra Bullock<\/a> (62) und <a data-component-name=\"link.semantic\" data-brain-zone=\".42674978.content.textlink_3\" data-component-path=\"content.textlink_3\" href=\"https:\/\/web.de\/magazine\/unterhaltung\/thema\/nicole-kidman\" rel=\"nofollow noopener\" target=\"_blank\">Nicole Kidman<\/a> (59) haben bei der Premiere von &#8222;Zauberhafte Schwestern 2&#8220; in Kalifornien alle Blicke auf sich gezogen. Auf dem roten Teppich setzten beide auf gro\u00dfe Namen: Kidman erschien in einem transparenten schwarzen Spitzenkleid in Kombination mit einem Spitzen-Choker von Versace. Bullock entschied sich f\u00fcr einen eleganten Look in einem schwarzen Samtkleid mit einem spitzen Kragen in strahlendem Wei\u00df von Louis Vuitton.<\/p>\n<p>Auch &#8222;GoT&#8220;-Star Maisie Williams und Joey King bei Premiere<\/p>\n<p data-speakable=\"\">An ihrer Seite gl\u00e4nzten ihre j\u00fcngeren Co-Stars Joey King (27) und <a data-component-name=\"link.semantic\" data-brain-zone=\".42674978.content.textlink_4\" data-component-path=\"content.textlink_4\" href=\"https:\/\/web.de\/magazine\/unterhaltung\/thema\/maisie-williams\" rel=\"nofollow noopener\" target=\"_blank\">Maisie Williams<\/a> (29). Sie spielen in der Hexenfilm-Fortsetzung die T\u00f6chter von Sandra Bullocks Figur Sally Owens.<\/p>\n<p data-speakable=\"\">Joey King begeisterte in einem gr\u00fcn-schwarzen Abendkleid mit ausgepr\u00e4gter Sanduhr-Silhouette von Ilya Migmoon. Das auff\u00e4llige Kleid war mit schwarzen Fl\u00fcgeln und einem Schn\u00fcrr\u00fccken verziert.<\/p>\n<p data-speakable=\"\">&#8222;Game of Thrones&#8220;-Darstellerin Maisie Williams entschied sich f\u00fcr einen farbenfrohen Leder-Look von Margiela, den sie mit schwarzen Stiefeln kombinierte. <\/p>\n<p>Empfehlungen der Redaktion<\/p>\n<p>Neue Gesichter im Cast<\/p>\n<p data-speakable=\"\">Neu zum Ensemble von &#8222;Zauberhafte Schwestern 2&#8220; geh\u00f6rt neben King und Williams auch Lee Pace (47). Er soll Sandra Bullocks Figur im Lauf des Sequels n\u00e4herkommen. Evan Rachel Wood (38), die in Teil eins Kylie Owens spielte, die Tochter von Bullocks Sally, kehrt indes nicht zur\u00fcck und wurde neu besetzt. Ihre Rolle \u00fcbernimmt Joey King. Auch Sallys zweite Tochter Antonia wurde neu besetzt: Die im ersten Film von Alexandra Artrip gespielte Figur wird in der Fortsetzung von Williams verk\u00f6rpert.<\/p>\n<p>&#8222;Zauberhafte Schwestern 2&#8220; kommt im September in die Kinos<\/p>\n<p data-speakable=\"\">Sandra Bullock und Nicole Kidman kehren nach knapp 28 Jahren mit der Fortsetzung der Fantasy-Kom\u00f6die &#8222;Zauberhafte Schwestern&#8220; in die Kinos zur\u00fcck. Das sp\u00e4te Hexenfilm-Sequel startet am 10. September in den deutschen Kinos, Regie f\u00fchrte Susanne Bier (66). Die Handlung setzt rund 25 Jahre nach dem ersten Teil ein. Der \u00fcber 300 Jahre alte Familienfluch, der besagt, dass jeder Mann, in den sich eine Frau aus der Owens-Familie verliebt, einen fr\u00fchen und unnat\u00fcrlichen Tod erleidet, hat inzwischen die n\u00e4chste Generation erwischt. (lau\/spot)\u00a0<br \/>\n\u00a9 spot on news<\/p>\n","protected":false},"excerpt":{"rendered":"Lifestyle Aktualisiert am 01.09.2026, 11:27 Uhr Nicole Kidman und Sandra Bullock bei der Premiere von &#8222;Zauberhafte Schwestern 2&#8220;&hellip;\n","protected":false},"author":2,"featured_media":370532,"comment_status":"","ping_status":"","sticky":false,"template":"","format":"standard","meta":{"footnotes":"","_share_on_mastodon":"0"},"categories":[27],"tags":[46,42,175,147,41391,41393,12823,44,176,38565,92896,148],"class_list":["post-370531","post","type-post","status-publish","format-standard","has-post-thumbnail","category-prominente","tag-at","tag-austria","tag-celebrities","tag-entertainment","tag-joey-king","tag-maisie-williams","tag-nicole-kidman","tag-oesterreich","tag-prominente","tag-sandra-bullock","tag-sandra-bullocks","tag-unterhaltung"],"share_on_mastodon":{"url":"https:\/\/pubeurope.com\/@at\/117201049185619964","error":""},"_links":{"self":[{"href":"https:\/\/www.europesays.com\/at\/wp-json\/wp\/v2\/posts\/370531","targetHints":{"allow":["GET"]}}],"collection":[{"href":"https:\/\/www.europesays.com\/at\/wp-json\/wp\/v2\/posts"}],"about":[{"href":"https:\/\/www.europesays.com\/at\/wp-json\/wp\/v2\/types\/post"}],"author":[{"embeddable":true,"href":"https:\/\/www.europesays.com\/at\/wp-json\/wp\/v2\/users\/2"}],"replies":[{"embeddable":true,"href":"https:\/\/www.europesays.com\/at\/wp-json\/wp\/v2\/comments?post=370531"}],"version-history":[{"count":0,"href":"https:\/\/www.europesays.com\/at\/wp-json\/wp\/v2\/posts\/370531\/revisions"}],"wp:featuredmedia":[{"embeddable":true,"href":"https:\/\/www.europesays.com\/at\/wp-json\/wp\/v2\/media\/370532"}],"wp:attachment":[{"href":"https:\/\/www.europesays.com\/at\/wp-json\/wp\/v2\/media?parent=370531"}],"wp:term":[{"taxonomy":"category","embeddable":true,"href":"https:\/\/www.europesays.com\/at\/wp-json\/wp\/v2\/categories?post=370531"},{"taxonomy":"post_tag","embeddable":true,"href":"https:\/\/www.europesays.com\/at\/wp-json\/wp\/v2\/tags?post=370531"}],"curies":[{"name":"wp","href":"https:\/\/api.w.org\/{rel}","templated":true}]}}