{"id":370541,"date":"2026-09-02T10:53:06","date_gmt":"2026-09-02T10:53:06","guid":{"rendered":"https:\/\/www.europesays.com\/at\/370541\/"},"modified":"2026-09-02T10:53:06","modified_gmt":"2026-09-02T10:53:06","slug":"will-roter-stern-marko-arnautovic-loswerden","status":"publish","type":"post","link":"https:\/\/www.europesays.com\/at\/370541\/","title":{"rendered":"Will Roter Stern Marko Arnautovic loswerden?"},"content":{"rendered":"<p><a href=\"https:\/\/www.laola1.at\/de\/daten\/news\/fussball\/marko-arnautovic\/\" class=\"tag\" rel=\"nofollow noopener\" target=\"_blank\">Marko Arnautovic<\/a> (37) beendete nach der WM seine Karriere im \u00d6FB-Nationalteam, auf Klubebene steht er noch f\u00fcr ein Jahr bei Roter Stern Belgrad unter Vertrag.<\/p>\n<p>Eigentlich wollte er dort seine Karriere beenden. Die Situation f\u00fcr den \u00d6sterreicher gestaltet sich aktuell aber schwierig.<\/p>\n<p>Laut &#8222;MozzartSport&#8220; wollen die Serben f\u00fcr Neo-Coach Albert Riera einen k\u00f6rperlich starken Mittelst\u00fcrmer mit gr\u00f6\u00dferem Namen an Land ziehen.<\/p>\n<p>Wird der Vertrag aufgel\u00f6st?<\/p>\n<p>Arnautovic gerate demnach immer mehr unter Druck. Die serbischen Medien hinterfragen mittlerweile das hohe Gehalt des Wieners.<\/p>\n<p>Laut &#8222;espreso.rs&#8220; verdiene der Angreifer 2,5 Millionen Euro j\u00e4hrlich. Die bosnische &#8222;SportSport.ba&#8220; schreibt sogar davon, dass der Klub den Vertrag mit dem Routinier aufl\u00f6sen will.<\/p>\n<p>Dem Bericht zufolge habe es Gespr\u00e4che \u00fcber eine Vertragsaufl\u00f6sung gegeben. Der \u00d6sterreicher sei demnach aber nur bereit daf\u00fcr, sollte der Klub ihm das restliche Gehalt bis Vertragsende auszahlen.<\/p>\n<p><a target=\"_self\" rel=\"noopener noreferrer nofollow\" href=\"https:\/\/www.laola1.at\/de\/red\/fussball\/sonstiges\/news\/uebersicht--so-lange-sind-die-transferfenster-noch-offen\/\">So lange sind die Transferfenster noch offen &gt;&gt;&gt;<\/a><\/p>\n","protected":false},"excerpt":{"rendered":"Marko Arnautovic (37) beendete nach der WM seine Karriere im \u00d6FB-Nationalteam, auf Klubebene steht er noch f\u00fcr ein&hellip;\n","protected":false},"author":2,"featured_media":370542,"comment_status":"","ping_status":"","sticky":false,"template":"","format":"standard","meta":{"footnotes":"","_share_on_mastodon":"0"},"categories":[18],"tags":[46,42,964,1880,1878,1178,1163,44,1179,109,108,1877],"class_list":["post-370541","post","type-post","status-publish","format-standard","has-post-thumbnail","category-sport","tag-at","tag-austria","tag-fussball","tag-fussball-international","tag-geruechtekueche","tag-marko-arnautovic","tag-oefb-legionaere","tag-oesterreich","tag-roter-stern-belgrad","tag-sport","tag-sports","tag-transfermarkt"],"share_on_mastodon":{"url":"https:\/\/pubeurope.com\/@at\/117201076710822187","error":""},"_links":{"self":[{"href":"https:\/\/www.europesays.com\/at\/wp-json\/wp\/v2\/posts\/370541","targetHints":{"allow":["GET"]}}],"collection":[{"href":"https:\/\/www.europesays.com\/at\/wp-json\/wp\/v2\/posts"}],"about":[{"href":"https:\/\/www.europesays.com\/at\/wp-json\/wp\/v2\/types\/post"}],"author":[{"embeddable":true,"href":"https:\/\/www.europesays.com\/at\/wp-json\/wp\/v2\/users\/2"}],"replies":[{"embeddable":true,"href":"https:\/\/www.europesays.com\/at\/wp-json\/wp\/v2\/comments?post=370541"}],"version-history":[{"count":0,"href":"https:\/\/www.europesays.com\/at\/wp-json\/wp\/v2\/posts\/370541\/revisions"}],"wp:featuredmedia":[{"embeddable":true,"href":"https:\/\/www.europesays.com\/at\/wp-json\/wp\/v2\/media\/370542"}],"wp:attachment":[{"href":"https:\/\/www.europesays.com\/at\/wp-json\/wp\/v2\/media?parent=370541"}],"wp:term":[{"taxonomy":"category","embeddable":true,"href":"https:\/\/www.europesays.com\/at\/wp-json\/wp\/v2\/categories?post=370541"},{"taxonomy":"post_tag","embeddable":true,"href":"https:\/\/www.europesays.com\/at\/wp-json\/wp\/v2\/tags?post=370541"}],"curies":[{"name":"wp","href":"https:\/\/api.w.org\/{rel}","templated":true}]}}