{"id":370563,"date":"2026-09-02T11:05:15","date_gmt":"2026-09-02T11:05:15","guid":{"rendered":"https:\/\/www.europesays.com\/at\/370563\/"},"modified":"2026-09-02T11:05:15","modified_gmt":"2026-09-02T11:05:15","slug":"sandra-hueller-ich-persoenlich-identifiziere-mich-nicht-als-deutsche","status":"publish","type":"post","link":"https:\/\/www.europesays.com\/at\/370563\/","title":{"rendered":"Sandra H\u00fcller: \u201eIch pers\u00f6nlich identifiziere mich nicht als Deutsche\u201c"},"content":{"rendered":"<p>Die international erfolgreiche Schauspielerin Sandra H\u00fcller hat offenbar ein schwieriges Verh\u00e4ltnis zu ihrer Heimat. Sie identifiziere sich nicht als Deutsche, sondern sehe sich eher als \u201eth\u00fcringische Europ\u00e4erin\u201c.<\/p>\n<p class=\"c-inline-alert__description\">Klicken Sie hier, um sich Artikel von WELT in der Google-Suche bevorzugt anzeigen zu lassen.<\/p>\n<p class=\"is-first-paragraph\" data-external=\"Article.FirstParagraph\">Die Schauspielerin Sandra H\u00fcller hat offenbar ein zwiesp\u00e4ltiges Verh\u00e4ltnis zu ihrem Heimatland Deutschland. \u201eIch pers\u00f6nlich identifiziere mich nicht als Deutsche. Ich w\u00fcrde sagen, ich sehe mich als th\u00fcringische Europ\u00e4erin oder europ\u00e4ische Th\u00fcringerin\u201c, sagte die international erfolgreiche Schauspielerin der <a class=\"is-link c-block-items__link is-external c-link--rich-text-renderer\" href=\"https:\/\/www.sueddeutsche.de\/kultur\/sandra-hueller-interview-vaterland-li.3530012?reduced=true\" target=\"_blank\" title=\"Link wird in einem neuen Tab ge\u00f6ffnet\" rel=\"nofollow noopener\" data-internal-tracking-enabled=\"true\" data-internal-tracking=\"{&quot;action&quot;:&quot;click&quot;,&quot;label&quot;:&quot;link&quot;,&quot;name&quot;:&quot;Inline Element&quot;,&quot;data&quot;:{&quot;source&quot;:&quot;&quot;,&quot;target&quot;:&quot;https:\/\/www.sueddeutsche.de\/kultur\/sandra-hueller-interview-vaterland-li.3530012?reduced=true&quot;,&quot;trackingName&quot;:&quot;&quot;,&quot;trackingLabel&quot;:&quot;&quot;}}\">\u201eS\u00fcddeutschen Zeitung\u201c<\/a> in einem am Dienstag online ver\u00f6ffentlichten Interview. Aber sie finde: \u201eWenn man in diesem Land geboren ist, tr\u00e4gt das eine Verantwortung in sich. Die kann man nicht einfach ignorieren.\u201c<\/p>\n<p>Sie werde im Austausch mit Menschen aus anderen L\u00e4ndern immer wieder damit konfrontiert, dass sie Deutsche ist, sagte die 48-J\u00e4hrige: \u201eViele Gespr\u00e4che drehen sich um deutsche Politik in der Vergangenheit und in der Jetztzeit.\u201c<\/p>\n<p><a class=\"is-link c-block-items__link c-link--rich-text-renderer\" href=\"https:\/\/www.welt.de\/themen\/sandra-hueller\/\" data-internal-tracking-enabled=\"true\" data-internal-tracking=\"{&quot;action&quot;:&quot;click&quot;,&quot;label&quot;:&quot;link&quot;,&quot;name&quot;:&quot;Inline Element&quot;,&quot;data&quot;:{&quot;source&quot;:&quot;&quot;,&quot;target&quot;:&quot;https:\/\/www.welt.de\/themen\/sandra-hueller\/&quot;,&quot;trackingName&quot;:&quot;&quot;,&quot;trackingLabel&quot;:&quot;&quot;}}\" rel=\"nofollow noopener\" target=\"_blank\">Sandra H\u00fcller<\/a>, die in Suhl geboren wurde, sagte angesichts der St\u00e4rke der AfD im Freistaat, sie k\u00f6nne sich \u201enicht jedes Mal f\u00fcr Th\u00fcringen und irgendwelche Wahlentscheidungen rechtfertigen\u201c. Sie sei oft dort, weil Teile ihrer Familie dort leben. \u201eIch weigere mich, anzuerkennen, dass da ein Schatten dr\u00fcber liegt. Ich glaube, dass Th\u00fcringen mehr kann als das\u201c, sagte sie.<\/p>\n<p>In ihrem aktuellen Film verk\u00f6rpert H\u00fcller Erika Mann, die Tochter des Schriftstellers Thomas Mann. \u201eVaterland\u201c handelt von Manns Reise nach Deutschland im Sommer 1949. Der Film ist ab Donnerstag in den deutschen Kinos zu sehen.<\/p>\n<p>H\u00fcller z\u00e4hlt zu den international erfolgreichsten deutschen Schauspielerinnen zur Zeit. Mit dem Auschwitz-Film <a class=\"is-link c-block-items__link c-link--rich-text-renderer\" href=\"https:\/\/www.welt.de\/kultur\/article250311298\/The-Zone-of-Interest-Von-Urlauben-traeumen-waehrend-nebenan-menschliche-Asche-weht.html\" data-internal-tracking-enabled=\"true\" data-internal-tracking=\"{&quot;action&quot;:&quot;click&quot;,&quot;label&quot;:&quot;link&quot;,&quot;name&quot;:&quot;Inline Element&quot;,&quot;data&quot;:{&quot;source&quot;:&quot;&quot;,&quot;target&quot;:&quot;https:\/\/www.welt.de\/kultur\/article250311298\/The-Zone-of-Interest-Von-Urlauben-traeumen-waehrend-nebenan-menschliche-Asche-weht.html&quot;,&quot;trackingName&quot;:&quot;&quot;,&quot;trackingLabel&quot;:&quot;&quot;}}\" rel=\"nofollow noopener\" target=\"_blank\">\u201eThe Zone of Interest\u201c<\/a> und dem Justizdrama <a class=\"is-link c-block-items__link c-link--rich-text-renderer\" href=\"https:\/\/www.welt.de\/kultur\/kino\/article248306584\/Sandra-Hueller-Anatomie-eines-Falls-Jetzt-muss-die-Schauspielerin-den-Oscar-bekommen.html\" data-internal-tracking-enabled=\"true\" data-internal-tracking=\"{&quot;action&quot;:&quot;click&quot;,&quot;label&quot;:&quot;link&quot;,&quot;name&quot;:&quot;Inline Element&quot;,&quot;data&quot;:{&quot;source&quot;:&quot;&quot;,&quot;target&quot;:&quot;https:\/\/www.welt.de\/kultur\/kino\/article248306584\/Sandra-Hueller-Anatomie-eines-Falls-Jetzt-muss-die-Schauspielerin-den-Oscar-bekommen.html&quot;,&quot;trackingName&quot;:&quot;&quot;,&quot;trackingLabel&quot;:&quot;&quot;}}\" rel=\"nofollow noopener\" target=\"_blank\">\u201eAnatomie eines Falls\u201c<\/a> wurde sie einem Publikum weit \u00fcber Europa hinaus bekannt. F\u00fcr ihr Rolle in Letzterem wurde sie mit dem Europ\u00e4ischen Filmpreis sowie als zweite deutsche Schauspielerin nach Romy Schneider mit dem franz\u00f6sischen Filmpreis C\u00e9sar ausgezeichnet. Au\u00dferdem erhielt sie Nominierungen f\u00fcr den Oscar und einen Golden Globe.<\/p>\n<p>epd\/lfb<\/p>\n","protected":false},"excerpt":{"rendered":"Die international erfolgreiche Schauspielerin Sandra H\u00fcller hat offenbar ein schwieriges Verh\u00e4ltnis zu ihrer Heimat. Sie identifiziere sich nicht&hellip;\n","protected":false},"author":2,"featured_media":370564,"comment_status":"","ping_status":"","sticky":false,"template":"","format":"standard","meta":{"footnotes":"","_share_on_mastodon":"0"},"categories":[27],"tags":[46,42,175,147,208,5858,152,78958,2256,2217,44,92778,176,5857,210,148],"class_list":["post-370563","post","type-post","status-publish","format-standard","has-post-thumbnail","category-prominente","tag-at","tag-austria","tag-celebrities","tag-entertainment","tag-film","tag-hueller","tag-kino","tag-newsos-import-welt","tag-newsteam","tag-oscar","tag-oesterreich","tag-patriotismus-ks","tag-prominente","tag-sandra","tag-texttospeech","tag-unterhaltung"],"share_on_mastodon":{"url":"https:\/\/pubeurope.com\/@at\/117201123622073809","error":""},"_links":{"self":[{"href":"https:\/\/www.europesays.com\/at\/wp-json\/wp\/v2\/posts\/370563","targetHints":{"allow":["GET"]}}],"collection":[{"href":"https:\/\/www.europesays.com\/at\/wp-json\/wp\/v2\/posts"}],"about":[{"href":"https:\/\/www.europesays.com\/at\/wp-json\/wp\/v2\/types\/post"}],"author":[{"embeddable":true,"href":"https:\/\/www.europesays.com\/at\/wp-json\/wp\/v2\/users\/2"}],"replies":[{"embeddable":true,"href":"https:\/\/www.europesays.com\/at\/wp-json\/wp\/v2\/comments?post=370563"}],"version-history":[{"count":0,"href":"https:\/\/www.europesays.com\/at\/wp-json\/wp\/v2\/posts\/370563\/revisions"}],"wp:featuredmedia":[{"embeddable":true,"href":"https:\/\/www.europesays.com\/at\/wp-json\/wp\/v2\/media\/370564"}],"wp:attachment":[{"href":"https:\/\/www.europesays.com\/at\/wp-json\/wp\/v2\/media?parent=370563"}],"wp:term":[{"taxonomy":"category","embeddable":true,"href":"https:\/\/www.europesays.com\/at\/wp-json\/wp\/v2\/categories?post=370563"},{"taxonomy":"post_tag","embeddable":true,"href":"https:\/\/www.europesays.com\/at\/wp-json\/wp\/v2\/tags?post=370563"}],"curies":[{"name":"wp","href":"https:\/\/api.w.org\/{rel}","templated":true}]}}