{"id":370571,"date":"2026-09-02T11:12:11","date_gmt":"2026-09-02T11:12:11","guid":{"rendered":"https:\/\/www.europesays.com\/at\/370571\/"},"modified":"2026-09-02T11:12:11","modified_gmt":"2026-09-02T11:12:11","slug":"chl-worauf-die-ice-klubs-besonders-aufpassen-muessen-laola1","status":"publish","type":"post","link":"https:\/\/www.europesays.com\/at\/370571\/","title":{"rendered":"CHL: Worauf die ICE-Klubs besonders aufpassen m\u00fcssen &#8211; LAOLA1"},"content":{"rendered":"<p><a href=\"https:\/\/news.google.com\/rss\/articles\/CBMi1wFBVV95cUxNZEhZczBmem9PWjVpeGlPODhsRGVZNDFqbDVkak1NeVE1Y2E4dWRuZ09raWtaZ2h0YzVvdEFwTnd4T1RMenpUOXJTbnpwQ01vWHZUbllpaWRrVDhxcEhVX054XzQ5RTRJSmlZVndGak43SFdPYUNQd18wZDg0MHhwdFo2ajFfam9jd09jNjNQR0JlNEpVTXk2em1SdWIwX01Nd29XY1JMc2RrMV9tM1J0SlJVbmRPM0txSWdUSVZ1TF9vVFJMQklwMi03NUNOODRjLW1SYXgzSQ?oc=5\" target=\"_blank\" rel=\"nofollow noopener\">CHL: Worauf die ICE-Klubs besonders aufpassen m\u00fcssen<\/a>&nbsp;&nbsp;LAOLA1<a href=\"https:\/\/news.google.com\/rss\/articles\/CBMieEFVX3lxTFBFb2pTVTl5MDNvQjF1cnpqTHhETWxkdUlweGlWdEc4alZBa1MtendqcWhqTGV6OFpaZlpucXloT2FMX1JUMmQzcXpQMzAwNGFMVW95bkxGZFJuVnFOTko2UHhQbEk1VXlHRVctZzRTTnhQVzRtcXlTUQ?oc=5\" target=\"_blank\" rel=\"nofollow noopener\">FRIBOURG-GOTT\u00c9RON +++ GRAZ99ERS STARTEN GEGEN DAS SCHWEIZER STAR-ENSEMBLE<\/a>&nbsp;&nbsp;Moser Medical Graz99ers<a href=\"https:\/\/news.google.com\/rss\/articles\/CBMiwAFBVV95cUxOVmZiclBkQ1YtWG50NHN2bjU2YW9QQXd4b1pEZEJ3R2hCS0stVk9jX1gzTkJHVTVFbng4MVNoZnQ5aFlrSWY5SEFjOVBhVjNyX19yUS1jQV9Mc1N5Tm5BWWxnRDBQeFNnT2Y2LVNLemlReGFtNkVFVUNOLXpfeUsxSE5CMFhQT0g2cVU5dlV6LWs5WVN1UGhseWlqaW9JLWtsMHgyNWhZdFFrTEdtY3pWZk9DM2RfSmt2M0NqY0FDRHc?oc=5\" target=\"_blank\" rel=\"nofollow noopener\">ICEHL-Preseason: Siege f\u00fcr Graz99ers &amp; Ljubljana \u2013 KAC verliert letztes Spiel der WellCard Trophy!<\/a>&nbsp;&nbsp;Hockey-News.info<a href=\"https:\/\/news.google.com\/rss\/articles\/CBMinwFBVV95cUxOd2tCVndSaXpMSlBvbkFaT2U4Uk5rSlMycFRHX1l5aHEyc0Mya0VKVmxtZDVsWTNLRlcyLXBFcV9jWkItM2E2QmhodEFvQlROM3JfUXA5MzdjQ0p4bUtFdU51S3B2eEJBSF9Vc3lNWWdWZmI0Yk9uTldEUlBReF9xNERzekhYOVhZbDJTU1lTdW5RRWtLMFBWemdEemw5bmM?oc=5\" target=\"_blank\" rel=\"nofollow noopener\">Champions League: Graz99ers starten gegen Schweizer Meister<\/a>&nbsp;&nbsp;5 Minuten<a href=\"https:\/\/news.google.com\/rss\/articles\/CBMiQkFVX3lxTFBORWg4MUJLVERucTVZdEozWF9RTkEzSDgzejJsNjVIdDhDT2w3THlCcVA5a2VRRlRHM3JpM1FtdHdkZw?oc=5\" target=\"_blank\" rel=\"nofollow noopener\">\u201eUnser Ziel kann nur die Titelverteidigung sein!\u201c<\/a>&nbsp;&nbsp;Kronen Zeitung<\/p>\n","protected":false},"excerpt":{"rendered":"CHL: Worauf die ICE-Klubs besonders aufpassen m\u00fcssen&nbsp;&nbsp;LAOLA1FRIBOURG-GOTT\u00c9RON +++ GRAZ99ERS STARTEN GEGEN DAS SCHWEIZER STAR-ENSEMBLE&nbsp;&nbsp;Moser Medical Graz99ersICEHL-Preseason: Siege f\u00fcr&hellip;\n","protected":false},"author":2,"featured_media":370572,"comment_status":"","ping_status":"","sticky":false,"template":"","format":"standard","meta":{"footnotes":"","_share_on_mastodon":"0"},"categories":[18],"tags":[46,42,14189,55736,55729,2861,300,3461,2929,7902,44,109,108,1924,117],"class_list":["post-370571","post","type-post","status-publish","format-standard","has-post-thumbnail","category-sport","tag-at","tag-austria","tag-bernd-freimueller","tag-champions-hockey-league","tag-chl","tag-ec-red-bull-salzburg","tag-eishockey","tag-graz99ers","tag-kac","tag-laola1","tag-oesterreich","tag-sport","tag-sports","tag-win2day-ice-hockey-league","tag-wintersport"],"share_on_mastodon":{"url":"https:\/\/pubeurope.com\/@at\/117201151189774038","error":""},"_links":{"self":[{"href":"https:\/\/www.europesays.com\/at\/wp-json\/wp\/v2\/posts\/370571","targetHints":{"allow":["GET"]}}],"collection":[{"href":"https:\/\/www.europesays.com\/at\/wp-json\/wp\/v2\/posts"}],"about":[{"href":"https:\/\/www.europesays.com\/at\/wp-json\/wp\/v2\/types\/post"}],"author":[{"embeddable":true,"href":"https:\/\/www.europesays.com\/at\/wp-json\/wp\/v2\/users\/2"}],"replies":[{"embeddable":true,"href":"https:\/\/www.europesays.com\/at\/wp-json\/wp\/v2\/comments?post=370571"}],"version-history":[{"count":0,"href":"https:\/\/www.europesays.com\/at\/wp-json\/wp\/v2\/posts\/370571\/revisions"}],"wp:featuredmedia":[{"embeddable":true,"href":"https:\/\/www.europesays.com\/at\/wp-json\/wp\/v2\/media\/370572"}],"wp:attachment":[{"href":"https:\/\/www.europesays.com\/at\/wp-json\/wp\/v2\/media?parent=370571"}],"wp:term":[{"taxonomy":"category","embeddable":true,"href":"https:\/\/www.europesays.com\/at\/wp-json\/wp\/v2\/categories?post=370571"},{"taxonomy":"post_tag","embeddable":true,"href":"https:\/\/www.europesays.com\/at\/wp-json\/wp\/v2\/tags?post=370571"}],"curies":[{"name":"wp","href":"https:\/\/api.w.org\/{rel}","templated":true}]}}