{"id":370593,"date":"2026-09-02T11:24:18","date_gmt":"2026-09-02T11:24:18","guid":{"rendered":"https:\/\/www.europesays.com\/at\/370593\/"},"modified":"2026-09-02T11:24:18","modified_gmt":"2026-09-02T11:24:18","slug":"filmfestfan-wartet-seit-tagen-am-roten-teppich-in-venedig","status":"publish","type":"post","link":"https:\/\/www.europesays.com\/at\/370593\/","title":{"rendered":"Filmfestfan wartet seit Tagen am roten Teppich in Venedig"},"content":{"rendered":"<p>            <img loading=\"lazy\" decoding=\"async\" class=\"ts-image\" src=\"https:\/\/www.europesays.com\/at\/wp-content\/uploads\/2026\/09\/filmfestival-venedig-116.jpg\" alt=\"Festivalfan Matteo Amist\u00e0 wartet direkt am roten Teppich\" title=\"Festivalfan Matteo Amist\u00e0 wartet direkt am roten Teppich | AFP\"\/><\/p>\n<p class=\"metatextline\">Stand: 02.09.2026 \u2022 03:46 Uhr<\/p>\n<p class=\"article-head__shorttext\">\n        Pen\u00e9lope Cruz, Javier Bardem, Orlando Bloom: Viele Stars haben sich f\u00fcr die Filmfestspiele Venedig angek\u00fcndigt. Am roten Teppich wartet seit Tagen ein 25-j\u00e4hriger Fan auf sie. Vor allem aber auf George Clooney.\n    <\/p>\n<p>                                    <a class=\"authorline__link\" href=\"https:\/\/www.tagesschau.de\/korrespondenten\/lisa-weiss-102.html\" rel=\"nofollow noopener\" target=\"_blank\"><br \/>\n                                        <img decoding=\"async\" class=\"authorline__img\" alt=\"Lisa Wei\u00df\" src=\"https:\/\/www.europesays.com\/at\/wp-content\/uploads\/2026\/09\/weiss-110.jpg\"\/><br \/>\n                                    <\/a><\/p>\n<p class=\"textabsatz m-ten m-offset-one l-eight l-offset-two columns twelve\">Noch ist es vergleichsweise ruhig am Lido, noch ist das Filmfest nicht offiziell er\u00f6ffnet. Aber einer wartet schon seit Tagen vor dem roten Teppich: Matteo Amist\u00e0 aus Padua. Der 25-J\u00e4hrige hat ein Zelt direkt an der Absperrung aufgebaut und sich mit Essen, Getr\u00e4nken, einem Sonnenschirm und einem Mini-Ventilator versorgt. Er will die Stars sehen und Autogramme ergattern. Schon zum f\u00fcnften Mal in Folge zeltet er am roten Teppich und diesmal geht es ihm vor allem um einen:<\/p>\n<p>                    George Clooney. Ich habe es nicht geschafft, ihn letztes Jahr zu sehen, der Tag war verflucht, es hat geregnet. Ich habe mich nicht gut gef\u00fchlt und bin gegangen und habe ihn verpasst. Dieses Jahr ist das Wetter wundersch\u00f6n, deshalb hoffe ich, dass er stehen bleibt und Autogramme gibt und man Fotos machen kann.<\/p>\n<p class=\"textabsatz m-ten m-offset-one l-eight l-offset-two columns twelve\">Amist\u00e0 opfert zwei Wochen seines Jahresurlaubs f\u00fcr das Festival. Die meiste Zeit schl\u00e4ft er auf dem Boden, um seinen Platz direkt am roten Teppich nicht zu verlieren. In seinen Augen lohnt sich der Aufwand:<\/p>\n<p class=\"textabsatz m-ten m-offset-one l-eight l-offset-two columns twelve\">&#8222;Wenn die Schauspieler nah an dir vorbeigehen, wirst du emotional. Es sind die Schauspieler der Filme, die du vielleicht als Kind gesehen hast, als Erwachsener&#8220;, erz\u00e4hlt Amist\u00e0. &#8222;Wenn die Schauspieler hier vorbeikommen, schreit man jedes Jahr wie ein Verr\u00fcckter, man schubst sich gegenseitig, weil jeder ein Foto will oder ein Autogramm von irgendjemandem.&#8220;<\/p>\n<p>    &#8222;Hollywood macht schweren Moment durch&#8220;<\/p>\n<p class=\"textabsatz m-ten m-offset-one l-eight l-offset-two columns twelve\">Ein paar Schritte weiter stehen schon Kamerateams und Fotografen verschiedener Medien auf einer Br\u00fccke beim Anlegeplatz der Boote &#8211; auch sie wollen Bilder der Stars. Gerade m\u00fcssen sie sich noch mit dem Festivaldirektor zufriedengeben.<\/p>\n<p class=\"textabsatz m-ten m-offset-one l-eight l-offset-two columns twelve\">Alberto Barbera habe als Festivaldirektor das kriselnde Filmfest wieder gro\u00df gemacht, habe Hollywood wieder an den Lido gelockt, hei\u00dft es immer wieder. Auch, wenn in diesem Jahr Hollywood-Produktionen im Wettbewerb gar nicht so stark vertreten sind, das gibt auch Barbera zu.<\/p>\n<p class=\"textabsatz m-ten m-offset-one l-eight l-offset-two columns twelve\">&#8222;Das Problem ist Hollywood, das einen schwierigen Moment durchmacht. Die Studios definieren gerade die Produktionsrichtlinien neu, sie versuchen Spielr\u00e4ume auszuloten, deren Ergebnis noch nicht absehbar ist&#8220;, ist Barbera \u00fcberzeugt. &#8222;Die gro\u00dfen Studios, die klassischen Hollywood-Studios, sind nicht mehr das, was sie einmal waren.&#8220;<\/p>\n<p>    Werner Herzog im Wettbewerb vertreten<\/p>\n<p class=\"textabsatz m-ten m-offset-one l-eight l-offset-two columns twelve\">Er\u00f6ffnungsfilm ist diesmal &#8222;Ink&#8220; von Danny Boyle. Der Regisseur erz\u00e4hlt darin den Aufstieg der britischen Boulevardzeitung Sun. Andere Filme im Wettbewerb sind zum Beispiel &#8222;Wild Horse Nine&#8220; von Martin McDonagh \u00fcber zwei CIA-Agenten, die auf der Osterinsel den Milit\u00e4rputsch in Chile 1973 erleben oder &#8222;Bunker&#8220;. Darin spielen Javier Bardem und Pen\u00e9lope Cruz ein Paar, dessen Ehe wegen eines Bunkers f\u00fcr die Apokalypse auf die Probe gestellt wird.<\/p>\n<p class=\"textabsatz m-ten m-offset-one l-eight l-offset-two columns twelve\">Mit Werner Herzog hat auch ein deutscher Regisseur einen Film im Wettbewerb. &#8222;Bucking Fastard&#8220; ist die Geschichte zweier symbiotischer Schwestern. Und kurz vor dem Start ist noch ein Film \u00fcber den Gaza-Krieg ins Wettbewerbsprogramm aufgenommen worden. Was auff\u00e4llt: Regisseurinnen sind bei den Filmen des Hauptwettbewerbs deutlich unterrepr\u00e4sentiert.<\/p>\n<p>    Keine Flucht ins Fantastische<\/p>\n<p class=\"textabsatz m-ten m-offset-one l-eight l-offset-two columns twelve\">Einen roten Faden im Programm zu finden, ist auf den ersten Blick schwierig. F\u00fcr Festivaldirektor Barbera gibt es aber doch einen Schwerpunkt: &#8222;Wir haben festgestellt, dass der Gro\u00dfteil der Regisseure \u2013 anstatt sich in Fantasiewelten oder Alternativen zur Alltags-Realit\u00e4t zu fl\u00fcchten \u2013 sich daf\u00fcr entschieden hat, die gro\u00dfen Probleme der zeitgen\u00f6ssischen Welt anzugehen. Vom Ukraine-Krieg \u00fcber das Drama Pal\u00e4stinas bis hin zum Problem des Klimawandels und zu den Krisen der Institutionen &#8211; der Familie, der Schule und so weiter.&#8220;<\/p>\n<p class=\"absatzbild__info__text\">\n                        Festivaldirektor Barbera meint, dass viele Regisseure die gro\u00dfen Probleme der zeitgen\u00f6ssischen Welt filmisch verarbeiten.\n                    <\/p>\n<p>    Ehrung Clooneys ist sicher<\/p>\n<p class=\"textabsatz m-ten m-offset-one l-eight l-offset-two columns twelve\">All diese Filme wird Matteo Amist\u00e0, der zeltende Filmfest-Fan, beim Festival nicht sehen. Daf\u00fcr habe er keine Zeit. Ihm geht es um die Stars. Auf dem roten Teppich erwartet werden unter anderem Robert Pattinson, Pen\u00e9lope Cruz, Javier Bardem, Pamela Anderson, Orlando Bloom au\u00dferdem die Gallagher-Br\u00fcder von der Band Oasis. \u00dcber die Musiker l\u00e4uft eine Doku im Nebenprogramm.<\/p>\n<p class=\"textabsatz m-ten m-offset-one l-eight l-offset-two columns twelve\">Und eben der, auf den Amist\u00e0 so sehns\u00fcchtig wartet: George Clooney. Der Schauspieler bekommt bei der Er\u00f6ffnung des Filmfests den Goldenen L\u00f6wen f\u00fcr sein Lebenswerk.<\/p>\n","protected":false},"excerpt":{"rendered":"Stand: 02.09.2026 \u2022 03:46 Uhr Pen\u00e9lope Cruz, Javier Bardem, Orlando Bloom: Viele Stars haben sich f\u00fcr die Filmfestspiele&hellip;\n","protected":false},"author":2,"featured_media":370594,"comment_status":"","ping_status":"","sticky":false,"template":"","format":"standard","meta":{"footnotes":"","_share_on_mastodon":"0"},"categories":[27],"tags":[46,42,175,147,90763,44,176,148,8421],"class_list":["post-370593","post","type-post","status-publish","format-standard","has-post-thumbnail","category-prominente","tag-at","tag-austria","tag-celebrities","tag-entertainment","tag-filmfestspiele-venedig","tag-oesterreich","tag-prominente","tag-unterhaltung","tag-venedig"],"share_on_mastodon":{"url":"https:\/\/pubeurope.com\/@at\/117201198950076812","error":""},"_links":{"self":[{"href":"https:\/\/www.europesays.com\/at\/wp-json\/wp\/v2\/posts\/370593","targetHints":{"allow":["GET"]}}],"collection":[{"href":"https:\/\/www.europesays.com\/at\/wp-json\/wp\/v2\/posts"}],"about":[{"href":"https:\/\/www.europesays.com\/at\/wp-json\/wp\/v2\/types\/post"}],"author":[{"embeddable":true,"href":"https:\/\/www.europesays.com\/at\/wp-json\/wp\/v2\/users\/2"}],"replies":[{"embeddable":true,"href":"https:\/\/www.europesays.com\/at\/wp-json\/wp\/v2\/comments?post=370593"}],"version-history":[{"count":0,"href":"https:\/\/www.europesays.com\/at\/wp-json\/wp\/v2\/posts\/370593\/revisions"}],"wp:featuredmedia":[{"embeddable":true,"href":"https:\/\/www.europesays.com\/at\/wp-json\/wp\/v2\/media\/370594"}],"wp:attachment":[{"href":"https:\/\/www.europesays.com\/at\/wp-json\/wp\/v2\/media?parent=370593"}],"wp:term":[{"taxonomy":"category","embeddable":true,"href":"https:\/\/www.europesays.com\/at\/wp-json\/wp\/v2\/categories?post=370593"},{"taxonomy":"post_tag","embeddable":true,"href":"https:\/\/www.europesays.com\/at\/wp-json\/wp\/v2\/tags?post=370593"}],"curies":[{"name":"wp","href":"https:\/\/api.w.org\/{rel}","templated":true}]}}