{"id":370595,"date":"2026-09-02T11:25:12","date_gmt":"2026-09-02T11:25:12","guid":{"rendered":"https:\/\/www.europesays.com\/at\/370595\/"},"modified":"2026-09-02T11:25:12","modified_gmt":"2026-09-02T11:25:12","slug":"alles-fliesst-in-kemnath-schule-von-aln-und-gutierrez-delafuente-architektur-und-architekten-news-meldungen-nachrichten","status":"publish","type":"post","link":"https:\/\/www.europesays.com\/at\/370595\/","title":{"rendered":"Alles flie\u00dft in Kemnath \/ Schule von ALN und Guti\u00e9rrez-delaFuente &#8211; Architektur und Architekten &#8211; News \/ Meldungen \/ Nachrichten"},"content":{"rendered":"<p>Kemnath ist eine Kleinstadt im Landkreis Tirschenreuth in der Oberpfalz. Am nordwestlichen Stadtrand wurde k\u00fcrzlich die neue Staatliche Realschule fertiggestellt, eingebettet zwischen dem Gr\u00fcnraum des Fl\u00f6tzbachs und den angrenzenden Sportfeldern. Der rund 850 Sch\u00fcler*innen\u00a0fassende Schulkomplex mit Dreifachsporthalle bildet damit einen \u00dcbergang zwischen Siedlungsrand und Landschaft.<\/p>\n<p>Der Entwurf stammt von der Arbeitsgemeinschaft aus\u00a0<a href=\"https:\/\/www.baunetz-architekten.de\/aln-leinhaeupl-neuber\/4791770\" target=\"_blank\" rel=\"noopener nofollow\">ALN |\u00a0Architekturb\u00fcro Leinh\u00e4upl + Neuber<\/a> (Landshut) und Guti\u00e9rrez-delaFuente Arquitectos (Madrid). Die Arge hatte 2019 in einem offenen Ideen- und Realisierungswettbewerb (RPW) den zweiten Platz erreicht und anschlie\u00dfend die Beauftragung erhalten. Zur Stra\u00dfe im S\u00fcdwesten hin pr\u00e4sentieren sich Schule und Sporthalle als Einheit auf einem gemeinsamen Sockel. Zum Fl\u00f6tzbach im Nordosten hingegen werden die beiden Volumen zu seitlichen Fl\u00fcgeln, die einen weit offenen Schulhof als \u201eCampusgarten\u201c definieren.\u00a0<\/p>\n<p>Die Neubauten so in die Topografie eingesetzt, dass sie die Kleinteiligkeit der d\u00f6rflichen Umgebung nicht \u00fcberformen: Das begr\u00fcnte Dach des Verbindungsbaus vermittelt von S\u00fcdwesten kommend zwischen Geb\u00e4ude und Landschaft und wird \u00fcber eine Wendeltreppe als Teil des Schulhofs nutzbar. Im Erdgeschoss schafft eine offene Loggia mit einem \u201eS\u00e4ulenwald\u201c einen flie\u00dfenden \u00dcbergang zwischen Innen- und Au\u00dfenraum.<\/p>\n<p>Im Inneren folgt die Raumstruktur dem p\u00e4dagogischen Konzept der \u201eBewegten Schule\u201c: Dort wechseln nicht die Lehrenden das Klassenzimmer, sondern die Sch\u00fcler*innen. So f\u00e4llt allen Gemeinschafts- und Verbindungsr\u00e4umen eine besondere Bedeutung zu. Die Architektur reagiert darauf, indem die Flure breiter sind als \u00fcblich und R\u00fcckzugsr\u00e4ume bieten. Dabei sorgt die kompakte Form des Schulgeb\u00e4udes dennoch f\u00fcr kurze Wege. Das Zentrum dieser Bewegungs- und Begegnungsr\u00e4ume formt eine dreigeschossige Aula mit breiter Sitztreppe, die \u00fcber\u00a0 Dachfenster in der Holzdeckenkonstruktion mit Tageslicht versorgt wird.\u00a0<\/p>\n<p>Bei der Gestaltung des Leitsystems lie\u00df sich die Arge laut Projekttext von der legend\u00e4ren Signalethik inspirieren, welche Otl Aicher und die HfG Ulm f\u00fcr die Olympischen Spiele 1972 in M\u00fcnchen entwickelten. Gerundete Ecken greifen das Motiv der flie\u00dfenden, kontinuierlichen Bewegung durch die Schule auf. Die Markierungen auf den Sportfeldern drau\u00dfen setzen sich im Schulgeb\u00e4ude fort und durchziehen es wie eine Leichtathletikbahn.<\/p>\n<p>Am Fl\u00f6tzbach wird schlie\u00dflich auch die Grenze zwischen Schulgel\u00e4nde und Naturraum aufgel\u00f6st. Erholungs- und Ruhezonen \u00f6ffnen den Schulhof zum Bach und zur angrenzenden Landschaft. Da der Bach teilweise als Biotop ausgewiesen ist, kann ein Teil des Schulhofs bei Hochwasser kontrolliert \u00fcberflutet werden. Damit wird die Schule nicht als isolierter Bauk\u00f6rper verstanden, sondern als Teil der Landschaft. Die Arge hatte bei diesem Projekt auch die komplette Landschaftsgestaltung \u00fcbernommen.\u00a0(fh)<\/p>\n","protected":false},"excerpt":{"rendered":"Kemnath ist eine Kleinstadt im Landkreis Tirschenreuth in der Oberpfalz. Am nordwestlichen Stadtrand wurde k\u00fcrzlich die neue Staatliche&hellip;\n","protected":false},"author":2,"featured_media":370596,"comment_status":"","ping_status":"","sticky":false,"template":"","format":"standard","meta":{"footnotes":"","_share_on_mastodon":"0"},"categories":[26],"tags":[158,157,46,42,159,147,161,160,44,148],"class_list":["post-370595","post","type-post","status-publish","format-standard","has-post-thumbnail","category-kunst-und-design","tag-art","tag-art-and-design","tag-at","tag-austria","tag-design","tag-entertainment","tag-kunst","tag-kunst-und-design","tag-oesterreich","tag-unterhaltung"],"share_on_mastodon":{"url":"https:\/\/pubeurope.com\/@at\/117201202716660733","error":""},"_links":{"self":[{"href":"https:\/\/www.europesays.com\/at\/wp-json\/wp\/v2\/posts\/370595","targetHints":{"allow":["GET"]}}],"collection":[{"href":"https:\/\/www.europesays.com\/at\/wp-json\/wp\/v2\/posts"}],"about":[{"href":"https:\/\/www.europesays.com\/at\/wp-json\/wp\/v2\/types\/post"}],"author":[{"embeddable":true,"href":"https:\/\/www.europesays.com\/at\/wp-json\/wp\/v2\/users\/2"}],"replies":[{"embeddable":true,"href":"https:\/\/www.europesays.com\/at\/wp-json\/wp\/v2\/comments?post=370595"}],"version-history":[{"count":0,"href":"https:\/\/www.europesays.com\/at\/wp-json\/wp\/v2\/posts\/370595\/revisions"}],"wp:featuredmedia":[{"embeddable":true,"href":"https:\/\/www.europesays.com\/at\/wp-json\/wp\/v2\/media\/370596"}],"wp:attachment":[{"href":"https:\/\/www.europesays.com\/at\/wp-json\/wp\/v2\/media?parent=370595"}],"wp:term":[{"taxonomy":"category","embeddable":true,"href":"https:\/\/www.europesays.com\/at\/wp-json\/wp\/v2\/categories?post=370595"},{"taxonomy":"post_tag","embeddable":true,"href":"https:\/\/www.europesays.com\/at\/wp-json\/wp\/v2\/tags?post=370595"}],"curies":[{"name":"wp","href":"https:\/\/api.w.org\/{rel}","templated":true}]}}