{"id":370617,"date":"2026-09-02T11:38:12","date_gmt":"2026-09-02T11:38:12","guid":{"rendered":"https:\/\/www.europesays.com\/at\/370617\/"},"modified":"2026-09-02T11:38:12","modified_gmt":"2026-09-02T11:38:12","slug":"innsbruck-tirols-schuetzen-empfangen-sechs-staatsoberhaeupter","status":"publish","type":"post","link":"https:\/\/www.europesays.com\/at\/370617\/","title":{"rendered":"Innsbruck: Tirols Sch\u00fctzen empfangen sechs Staatsoberh\u00e4upter"},"content":{"rendered":"<p>Ein au\u00dfergew\u00f6hnliches Bild bot sich am Dienstagabend vor der Kaiserlichen Hofburg in Innsbruck. Ehrenformationen der Tiroler Sch\u00fctzen traten an, um sechs hochrangige Staatsg\u00e4ste im Rahmen eines landes\u00fcblichen Empfangs zu begr\u00fc\u00dfen.<\/p>\n<p>Das zweit\u00e4gige Treffen steht unter dem Motto \u201eZusammenhalt in Europa\u201c. Gastgeber sind \u00d6sterreichs Bundespr\u00e4sident Alexander Van der Bellen und seine Ehefrau Doris Schmidauer.<\/p>\n<p>Neben dem \u00f6sterreichischen Staatsoberhaupt waren auch K\u00f6nig Philippe von Belgien, Deutschlands Bundespr\u00e4sident Frank-Walter Steinmeier, Erbprinz Alois von und zu Liechtenstein, Gro\u00dfherzog Guillaume von Luxemburg sowie der Schweizer Bundespr\u00e4sident Guy Parmelin mit ihren Partnerinnen der Einladung nach Nordtirol gefolgt.<\/p>\n<p>                Drei Tiroler Landesteile gemeinsam vertreten                                    <\/p>\n<p>Vor der Hofburg begr\u00fc\u00dften Landeshauptmann Anton Mattle und Innsbrucks B\u00fcrgermeister Johannes Anzengruber die Staatsg\u00e4ste.<\/p>\n<p>Das Kommando \u00fcber die angetretenen Formationen hatte der Landeskommandant des Bundes der Tiroler Sch\u00fctzenkompanien, Thomas Saurer. Ebenfalls am Empfang teilgenommen haben der Landeskommandant des S\u00fcdtiroler Sch\u00fctzenbundes, Christoph Schmid, sowie der Landeskommandant des Welschtiroler Sch\u00fctzenbundes, Enzo Cestari.<\/p>\n<p>Besonders symboltr\u00e4chtig war das gemeinsame Mitf\u00fchren der Bundesfahnen aller drei Sch\u00fctzenb\u00fcnde. Damit waren Nordtirol, S\u00fcdtirol und Welschtirol \u2013 die drei Landesteile des historischen Tirols \u2013 bei dem internationalen Treffen gemeinsam vertreten.<\/p>\n<p>                Ehrensalve vor der Hofburg                                    <\/p>\n<p>Als Ehrenkompanie war die Sch\u00fctzenkompanie Weerberg angetreten. Die musikalische Umrahmung \u00fcbernahm die Bundesmusikkapelle Ellb\u00f6gen. Weitere Traditionsverb\u00e4nde erg\u00e4nzten die Formationen.<\/p>\n<p>Zu den Kl\u00e4ngen der Tiroler Landeshymne \u201eZu Mantua in Banden\u201c, der \u00f6sterreichischen Bundeshymne und der Europahymne schritten die sechs Staatsoberh\u00e4upter die Formationen ab.<\/p>\n<p>Ein weiterer H\u00f6hepunkt des feierlichen Empfangs war die Ehrensalve der Tiroler Sch\u00fctzen.<\/p>\n<p>Bereits zuvor hatten die hochrangigen G\u00e4ste den geschichtstr\u00e4chtigen Bergisel sowie den Stubaier Gletscher besucht. Im Mittelpunkt des zweit\u00e4gigen Treffens stehen aktuelle politische Entwicklungen, die Zukunft Europas sowie der Klimawandel und dessen Auswirkungen auf den Alpenraum.<\/p>\n<p>Der landes\u00fcbliche Empfang vor der Hofburg machte einmal mehr die Bedeutung des Tiroler Sch\u00fctzenwesens bei offiziellen Anl\u00e4ssen sichtbar. Das gemeinsame Auftreten der drei Sch\u00fctzenb\u00fcnde unterstrich zudem die Verbundenheit der Tiroler Landesteile \u00fcber die heutigen Landesgrenzen hinweg.<\/p>\n","protected":false},"excerpt":{"rendered":"Ein au\u00dfergew\u00f6hnliches Bild bot sich am Dienstagabend vor der Kaiserlichen Hofburg in Innsbruck. Ehrenformationen der Tiroler Sch\u00fctzen traten&hellip;\n","protected":false},"author":2,"featured_media":370618,"comment_status":"","ping_status":"","sticky":false,"template":"","format":"standard","meta":{"footnotes":"","_share_on_mastodon":"0"},"categories":[32],"tags":[46,42,268,274,270,193,272,275,40,265,44,266,269,271,109,264,263,267,273,66],"class_list":["post-370617","post","type-post","status-publish","format-standard","has-post-thumbnail","category-innsbruck","tag-at","tag-austria","tag-chronik","tag-diskussion","tag-gesellschaft","tag-innsbruck","tag-mediengeschehen","tag-meinung","tag-nachrichten","tag-nordtirol","tag-oesterreich","tag-osttirol","tag-politik","tag-presseklick","tag-sport","tag-suedtirol","tag-unsertirol24","tag-ut24","tag-ut24-blog","tag-welt"],"share_on_mastodon":{"url":"https:\/\/pubeurope.com\/@at\/117201253653727046","error":""},"_links":{"self":[{"href":"https:\/\/www.europesays.com\/at\/wp-json\/wp\/v2\/posts\/370617","targetHints":{"allow":["GET"]}}],"collection":[{"href":"https:\/\/www.europesays.com\/at\/wp-json\/wp\/v2\/posts"}],"about":[{"href":"https:\/\/www.europesays.com\/at\/wp-json\/wp\/v2\/types\/post"}],"author":[{"embeddable":true,"href":"https:\/\/www.europesays.com\/at\/wp-json\/wp\/v2\/users\/2"}],"replies":[{"embeddable":true,"href":"https:\/\/www.europesays.com\/at\/wp-json\/wp\/v2\/comments?post=370617"}],"version-history":[{"count":0,"href":"https:\/\/www.europesays.com\/at\/wp-json\/wp\/v2\/posts\/370617\/revisions"}],"wp:featuredmedia":[{"embeddable":true,"href":"https:\/\/www.europesays.com\/at\/wp-json\/wp\/v2\/media\/370618"}],"wp:attachment":[{"href":"https:\/\/www.europesays.com\/at\/wp-json\/wp\/v2\/media?parent=370617"}],"wp:term":[{"taxonomy":"category","embeddable":true,"href":"https:\/\/www.europesays.com\/at\/wp-json\/wp\/v2\/categories?post=370617"},{"taxonomy":"post_tag","embeddable":true,"href":"https:\/\/www.europesays.com\/at\/wp-json\/wp\/v2\/tags?post=370617"}],"curies":[{"name":"wp","href":"https:\/\/api.w.org\/{rel}","templated":true}]}}