{"id":370631,"date":"2026-09-02T11:46:09","date_gmt":"2026-09-02T11:46:09","guid":{"rendered":"https:\/\/www.europesays.com\/at\/370631\/"},"modified":"2026-09-02T11:46:09","modified_gmt":"2026-09-02T11:46:09","slug":"ariana-grande-sagt-ihren-fans-unter-traenen-auf-wiedersehen","status":"publish","type":"post","link":"https:\/\/www.europesays.com\/at\/370631\/","title":{"rendered":"Ariana Grande sagt ihren Fans unter Tr\u00e4nen auf Wiedersehen"},"content":{"rendered":"<p>\nTourabschluss in London\n<\/p>\n<p>Aktualisiert am 02.09.2026, 11:46 Uhr\n<\/p>\n<p><a href=\"https:\/\/i0.web.de\/image\/568\/42679568,pd=1\/ariana-grande.jpg\" data-brain-zone=\".42679460.content.lead.1\" data-component-path=\"content.lead.1\" data-component-name=\"article-image\" rel=\"nofollow noopener\" target=\"_blank\"> <\/p>\n<p><img loading=\"lazy\" decoding=\"async\" src=\"https:\/\/www.europesays.com\/at\/wp-content\/uploads\/2026\/09\/ariana-grande.jpg\" alt=\"Ariana Grande\" width=\"950\" height=\"534\"\/><\/p>\n<p><\/a> <\/p>\n<p>\nAriana Grande zieht sich vorerst aus der \u00d6ffentlichkeit zur\u00fcck. (Archivbild)<br \/>\n\u00a9\u00a0picture alliance\/Richard Shotwell\/Invision\/AP\n<\/p>\n<p class=\"content__description\" data-speakable=\"\">Nach 41 Konzerten ist Schluss: Ariana Grande hat ihre &#8222;Eternal Sunshine Tour&#8220; in London beendet und dabei sichtlich mit den Tr\u00e4nen gek\u00e4mpft. Was die S\u00e4ngerin danach vorhat, hatte sie schon Wochen zuvor angek\u00fcndigt. Auf B\u00fchnen und roten Teppichen wird sie erst einmal fehlen.<\/p>\n<p data-speakable=\"\"><a data-component-name=\"link.semantic\" data-brain-zone=\".42679460.content.textlink_1\" data-component-path=\"content.textlink_1\" href=\"https:\/\/web.de\/magazine\/unterhaltung\/thema\/ariana-grande\" rel=\"nofollow noopener\" target=\"_blank\">Ariana Grande<\/a> (33) hat ihre &#8222;Eternal Sunshine Tour&#8220; beendet. Am Dienstagabend spielte die S\u00e4ngerin in <a data-component-name=\"link.semantic\" data-brain-zone=\".42679460.content.textlink_2\" data-component-path=\"content.textlink_2\" href=\"https:\/\/web.de\/magazine\/reise\/thema\/london\" rel=\"nofollow noopener\" target=\"_blank\">London<\/a> ihr letztes Konzert, die 41. Show. Gestartet war die Tour am 6. Juni im kalifornischen Oakland, danach folgten Termine in den USA und in Montreal, zum Abschluss zehn Abende in Serie in London.<\/p>\n<p data-speakable=\"\">Beim Finale wandte sich die 33-J\u00e4hrige kurz an das Publikum. <a target=\"_blank\" data-brain-zone=\".42679460.content.textlink_3\" data-component-path=\"content.textlink_3\" data-component-name=\"link.external\" rel=\"noopener nofollow\" href=\"https:\/\/x.com\/PopBase\/status\/2094901369656193319\">Wie ein Video des X-Accounts Pop Base zeigt<\/a>, k\u00e4mpfte sie dabei sichtbar mit den Tr\u00e4nen.<\/p>\n<p>Ariana Grande: &#8222;Ohne komplett loszuschluchzen&#8220;<\/p>\n<p data-speakable=\"\">&#8222;Das war eine der sch\u00f6nsten, au\u00dfergew\u00f6hnlichsten Erfahrungen meines Lebens, und ich m\u00f6chte meine Dankbarkeit einfach ausdr\u00fccken, ohne komplett loszuschluchzen&#8220;, sagte Grande unter Tr\u00e4nen. &#8222;Aber wirklich, danke von ganzem Herzen. Es war so besonders, und ich werde diese Erfahrung immer in Ehren halten.&#8220;<\/p>\n<p data-speakable=\"\">Dann kam sie auf ihr Publikum zu sprechen. &#8222;Ich habe die besten Fans der ganzen Welt, und das hatte ich schon immer.&#8220; Sie liebe die Outfits, die Gesichter, sie liebe es, auf diese Weise mit den Menschen in Kontakt zu treten. &#8222;Danke f\u00fcr all eure M\u00fche, die das hier so besonders gemacht hat&#8220;, sagte sie und schloss: &#8222;Ich liebe euch so sehr.&#8220;<\/p>\n<p>Eine Pause, die lange geplant war<\/p>\n<p data-speakable=\"\">Dass es nach dem finalen Konzert der Tour erst einmal still um sie werden soll, war da bereits klar. <a target=\"_blank\" data-brain-zone=\".42679460.content.textlink_4\" data-component-path=\"content.textlink_4\" data-component-name=\"link.external\" rel=\"noopener nofollow\" href=\"https:\/\/people.com\/ariana-grande-taking-step-back-after-tour-amid-public-health-scrutiny-rep-exclusive-12032395\">Am 2. August teilte ihre Sprecherin mit<\/a>, die S\u00e4ngerin ziehe sich danach aus der \u00d6ffentlichkeit zur\u00fcck.<\/p>\n<p data-speakable=\"\">Sie freue sich darauf, die Tour gesund und gl\u00fccklich auf einem H\u00f6hepunkt abzuschlie\u00dfen und danach eine wohlverdiente Pause von \u00f6ffentlichen Auftritten zu machen, die zu endloser Beobachtung gef\u00fchrt h\u00e4tten, hie\u00df es in der Mitteilung.<\/p>\n<p data-speakable=\"\">Vorausgegangen war eine immer lautere Debatte \u00fcber Grandes Gesundheit, die sich nach der Ver\u00f6ffentlichung ihres Musikvideos zu &#8222;Petal&#8220; am 31. Juli noch einmal versch\u00e4rft hatte.<\/p>\n<p>&#8222;Nichts Reaktives oder Impulsives&#8220;<\/p>\n<p data-speakable=\"\">Einen Tag nach der Ank\u00fcndigung sprach die S\u00e4ngerin bei ihrem Konzert im Chicagoer United Center selbst dar\u00fcber. &#8222;Die Ank\u00fcndigung von gestern war nichts Reaktives oder Impulsives&#8220;, sagte sie. &#8222;Es ist etwas, das ich geplant hatte.&#8220; Und zwar, wie sie hinzuf\u00fcgte, im Stillen und vor langer Zeit.<\/p>\n<p data-speakable=\"\">Folgen hat der R\u00fcckzug bereits. Best\u00e4tigt ist inzwischen, dass Grande nicht in der Neuinszenierung von Stephen Sondheims &#8222;Sunday in the Park with George&#8220; auftreten wird, die im kommenden Sommer im Londoner West End anlaufen sollte.<\/p>\n<p>Empfehlungen der Redaktion<\/p>\n<p data-speakable=\"\">Ganz verschwindet sie trotzdem nicht. Im November kommt &#8222;Meine Frau, unsere Schwiegertochter und ich&#8220; in die Kinos, eine weitere Fortsetzung zu &#8222;Meine Braut, ihr Vater und ich&#8220; , in dem Grande neben Ben Stiller und Robert De Niro zu sehen sein wird. (stk\/spot)\u00a0<br \/>\n\u00a9 1&amp;1 Mail &amp; Media\/spot on news<\/p>\n","protected":false},"excerpt":{"rendered":"Tourabschluss in London Aktualisiert am 02.09.2026, 11:46 Uhr Ariana Grande zieht sich vorerst aus der \u00d6ffentlichkeit zur\u00fcck. (Archivbild)&hellip;\n","protected":false},"author":2,"featured_media":370632,"comment_status":"","ping_status":"","sticky":false,"template":"","format":"standard","meta":{"footnotes":"","_share_on_mastodon":"0"},"categories":[24],"tags":[38630,46,42,147,943,153,154,44,148],"class_list":["post-370631","post","type-post","status-publish","format-standard","has-post-thumbnail","category-musik","tag-ariana-grande","tag-at","tag-austria","tag-entertainment","tag-london","tag-music","tag-musik","tag-oesterreich","tag-unterhaltung"],"share_on_mastodon":{"url":"https:\/\/pubeurope.com\/@at\/117201285410266446","error":""},"_links":{"self":[{"href":"https:\/\/www.europesays.com\/at\/wp-json\/wp\/v2\/posts\/370631","targetHints":{"allow":["GET"]}}],"collection":[{"href":"https:\/\/www.europesays.com\/at\/wp-json\/wp\/v2\/posts"}],"about":[{"href":"https:\/\/www.europesays.com\/at\/wp-json\/wp\/v2\/types\/post"}],"author":[{"embeddable":true,"href":"https:\/\/www.europesays.com\/at\/wp-json\/wp\/v2\/users\/2"}],"replies":[{"embeddable":true,"href":"https:\/\/www.europesays.com\/at\/wp-json\/wp\/v2\/comments?post=370631"}],"version-history":[{"count":0,"href":"https:\/\/www.europesays.com\/at\/wp-json\/wp\/v2\/posts\/370631\/revisions"}],"wp:featuredmedia":[{"embeddable":true,"href":"https:\/\/www.europesays.com\/at\/wp-json\/wp\/v2\/media\/370632"}],"wp:attachment":[{"href":"https:\/\/www.europesays.com\/at\/wp-json\/wp\/v2\/media?parent=370631"}],"wp:term":[{"taxonomy":"category","embeddable":true,"href":"https:\/\/www.europesays.com\/at\/wp-json\/wp\/v2\/categories?post=370631"},{"taxonomy":"post_tag","embeddable":true,"href":"https:\/\/www.europesays.com\/at\/wp-json\/wp\/v2\/tags?post=370631"}],"curies":[{"name":"wp","href":"https:\/\/api.w.org\/{rel}","templated":true}]}}