{"id":370633,"date":"2026-09-02T11:48:11","date_gmt":"2026-09-02T11:48:11","guid":{"rendered":"https:\/\/www.europesays.com\/at\/370633\/"},"modified":"2026-09-02T11:48:11","modified_gmt":"2026-09-02T11:48:11","slug":"der-perfekte-urlaub","status":"publish","type":"post","link":"https:\/\/www.europesays.com\/at\/370633\/","title":{"rendered":"DER PERFEKTE URLAUB"},"content":{"rendered":"<p>Reif f\u00fcr den Urlaub mit den besten Freunden und bereit f\u00fcr die n\u00e4chste Eskalationsrunde? Dann nichts wie los und schon einmal den neuen Trailer von DER PERFEKTE URLAUB klicken: <a href=\"https:\/\/www.youtube.com\/watch?v=dD3yDiekMR8&amp;feature=youtu.be\" rel=\"nofollow noopener\" target=\"_blank\">Link zum Trailer<\/a><\/p>\n<p>Das Star-Ensemble ist zur\u00fcck! Nach DAS PERFEKTE GEHEIMNIS kommt DER PERFEKTE URLAUB. Aber wer traut nach dem Handy-Spiel eigentlich noch wem? Ein Kurztrip der Clique endet unfreiwillig in einem spanischen Ferienclub. Doch der perfekte Urlaub eskaliert.<\/p>\n<p>Nach dem Kinohit DAS PERFEKTE GEHEIMNIS mit mehr als 5,3 Mio. verkauften Kinotickets versammeln die Filmemacher*innen Bora Dagtekin und Lena Sch\u00f6mann auch in DER PERFEKTE URLAUB einen prominenten Cast vor der Kamera: Erneut z\u00e4hlen Elyas M&#8217;Barek, Karoline Herfurth, Jessica Schwarz, Florian David Fitz, Jella Haase, Frederick Lau, Wotan Wilke M\u00f6hring sowie Emily Kusche zum bew\u00e4hrten Ensemble, das Unterst\u00fctzung von Diana Amft als Carlottas (Karoline Herfurth) beste Freundin erh\u00e4lt. In weiteren Rollen sind David Korbmann, Maria Dragus, Daniel Zillmann, Caroline Maria Frier, Inez Bj\u00f8rg David und Jan van Weyde ab dem 22. Oktober im Verleih der Constantin Film im Kino zu sehen.<\/p>\n<p>Zum Inhalt:<\/p>\n<p>Mehr als f\u00fcnf Millionen Deutsche reisen jedes Jahr nach Mallorca. Leo (Elyas M&#8217;Barek), Pepe (Florian David Fitz), Rocco (Wotan Wilke M\u00f6hring) und Simon (Frederick Lau) nehmen sich ebenfalls eine Auszeit im 17. Bundesland. Erst mal Wunden lecken, sich sammeln, Abstand gewinnen. Seit dem entgleisten Handy-Spiel ist nichts mehr, wie es war. Guter Plan. Bl\u00f6d nur, dass aus dem entspannten Jungs-Trip nichts wird: Eva (Jessica Schwarz), Carlotta (Karoline Herfurth) und ihre beste Freundin Maus (Diana Amft) haben sich in derselben Villa auf Malle einquartiert. Auf die harte Tour muss die dysfunktionale Clique herausfinden, was von Freundschaft, Vertrauen und Liebe \u00fcberhaupt noch \u00fcbrig ist. Und als die Finca in Flammen aufgeht und die Freunde in einem Gute-Laune-Clubhotel stranden, bringen alte Wunden und neue Enth\u00fcllungen die Fassaden endg\u00fcltig zum Br\u00f6ckeln. Bald steht nicht nur jede einzelne Beziehung, sondern die gesamte Freundschaft auf dem Spiel. Kann Leo nach seiner SMS-Aff\u00e4re Carlottas Vertrauen zur\u00fcckgewinnen? Eva hat nicht nur Stress mit ihrer Teenager-Tochter Sophie (Emily Kusche), sondern auch mit ihrem Mann. Beide ahnen, dass sie sich gegenseitig etwas verschweigen, doch mit Roccos Zweithandy hatte Eva nicht gerechnet. Pepe, frisch geoutet, w\u00fcnscht sich mehr Support von seinen Hetero-Kumpels, w\u00e4hrend er sich selbst noch nicht ganz gefunden hat. Und Simon ist der Charmeur geblieben, der jede Konsequenz wegwitzelt. Doch als seine Ex-Freundin Bianca (Jella Haase) auftaucht, geht es ans Eingemachte &#8230; VAMOS A LA DRAMA!<\/p>\n<p>DER PERFEKTE URLAUB ist eine Constantin Film Produktion und wurde mit Mitteln des FilmFernsehFonds Bayern (FFF), der Filmf\u00f6rderanstalt (FFA) und des Deutschen Filmf\u00f6rderfonds (DFFF) gef\u00f6rdert. Der Film erhielt das Green Motion Label. Das Drehbuch stammt von Bora Dagtekin, der auch Regie f\u00fchrte. Produzentin ist Lena Sch\u00f6mann, Producerin Nicole Springstubbe. Executive Producer ist Oliver Berben.<\/p>\n<p>Kinostart: 22. Oktober 2026 im Verleih der Constantin Film<\/p>\n<p>Darsteller*innen: Elyas M&#8217;Barek, Karoline Herfurth, Jessica Schwarz, Florian David Fitz, Jella Haase, Frederick Lau, Diana Amft, Wotan Wilke M\u00f6hring, Emily Kusche, David Korbmann, Paul Ahrens, Maria Dragus, Daniel Zillmann, Caroline Maria Frier, Jan van Weyde, Inez Bj\u00f8rg David u.v.m.<\/p>\n<p>Drehbuch &amp; Regie: Bora Dagtekin<\/p>\n<p>Produzentin: Lena Sch\u00f6mann<\/p>\n<p>Producerin: Nicole Springstubbe<\/p>\n<p>Executive Producer: Oliver Berben<\/p>\n<p>Erstes Pressematerial zum Film steht unter <a href=\"https:\/\/presse.constantin.film\/\" rel=\"nofollow noopener\" target=\"_blank\"><a href=\"https:\/\/presse.constantin.film\" target=\"_blank\" rel=\"noopener noreferrer nofollow\">https:\/\/presse.constantin.film<\/a> zum Download zur Verf\u00fcgung.<\/p>\n<p>Wenn Sie weitere Informationen w\u00fcnschen, wenden Sie sich bitte an die betreuende Agentur:<\/p>\n","protected":false},"excerpt":{"rendered":"Reif f\u00fcr den Urlaub mit den besten Freunden und bereit f\u00fcr die n\u00e4chste Eskalationsrunde? Dann nichts wie los&hellip;\n","protected":false},"author":2,"featured_media":370634,"comment_status":"","ping_status":"","sticky":false,"template":"","format":"standard","meta":{"footnotes":"","_share_on_mastodon":"0"},"categories":[22],"tags":[26393,26395,46,42,6352,92911,147,208,152,1132,161,57395,1572,44,26394,148,57397],"class_list":["post-370633","post","type-post","status-publish","format-standard","has-post-thumbnail","category-unterhaltung","tag-apa","tag-apa-ots","tag-at","tag-austria","tag-bild","tag-der-perfekte-urlaub","tag-entertainment","tag-film","tag-kino","tag-kultur","tag-kunst","tag-kunst-und-unterhaltung","tag-medien","tag-oesterreich","tag-ots","tag-unterhaltung","tag-unterhaltung-und-medien"],"share_on_mastodon":{"url":"https:\/\/pubeurope.com\/@at\/117201293072082738","error":""},"_links":{"self":[{"href":"https:\/\/www.europesays.com\/at\/wp-json\/wp\/v2\/posts\/370633","targetHints":{"allow":["GET"]}}],"collection":[{"href":"https:\/\/www.europesays.com\/at\/wp-json\/wp\/v2\/posts"}],"about":[{"href":"https:\/\/www.europesays.com\/at\/wp-json\/wp\/v2\/types\/post"}],"author":[{"embeddable":true,"href":"https:\/\/www.europesays.com\/at\/wp-json\/wp\/v2\/users\/2"}],"replies":[{"embeddable":true,"href":"https:\/\/www.europesays.com\/at\/wp-json\/wp\/v2\/comments?post=370633"}],"version-history":[{"count":0,"href":"https:\/\/www.europesays.com\/at\/wp-json\/wp\/v2\/posts\/370633\/revisions"}],"wp:featuredmedia":[{"embeddable":true,"href":"https:\/\/www.europesays.com\/at\/wp-json\/wp\/v2\/media\/370634"}],"wp:attachment":[{"href":"https:\/\/www.europesays.com\/at\/wp-json\/wp\/v2\/media?parent=370633"}],"wp:term":[{"taxonomy":"category","embeddable":true,"href":"https:\/\/www.europesays.com\/at\/wp-json\/wp\/v2\/categories?post=370633"},{"taxonomy":"post_tag","embeddable":true,"href":"https:\/\/www.europesays.com\/at\/wp-json\/wp\/v2\/tags?post=370633"}],"curies":[{"name":"wp","href":"https:\/\/api.w.org\/{rel}","templated":true}]}}