{"id":370825,"date":"2026-09-02T13:35:10","date_gmt":"2026-09-02T13:35:10","guid":{"rendered":"https:\/\/www.europesays.com\/at\/370825\/"},"modified":"2026-09-02T13:35:10","modified_gmt":"2026-09-02T13:35:10","slug":"diese-zwei-grossbaustellen-in-graz-gehen-jetzt-ins-finale","status":"publish","type":"post","link":"https:\/\/www.europesays.com\/at\/370825\/","title":{"rendered":"Diese zwei Gro\u00dfbaustellen in Graz gehen jetzt ins Finale"},"content":{"rendered":"<p>Endspurt in die Puntigamer Stra\u00dfe und Elisabethinergasse, aber an vielen Stellen im Grazer Stra\u00dfennetz haben weiter die Bagger das Sagen. Ein \u00dcberblick f\u00fcr den Herbst.<\/p>\n<p class=\"klz-story-element-paragraph klz-text-copy\" data-testid=\"article-paragraph\">Bald aufatmen k\u00f6nnen viele Auto- und \u00d6ffifahrer in Graz, wenn zwei Gro\u00dfbaustellen an sehr neuralgischen Punkten im Grazer Stra\u00dfennetz fertiggestellt werden: Sowohl in der Puntigamer Stra\u00dfe als auch in der Elisabethinergasse ist man laut Holding Graz im Zeitplan. Die Arbeiten sind Ende Oktober abgeschlossen. Die<a href=\"https:\/\/www.kleinezeitung.at\/steiermark\/graz\/20708674\/ende-maerz-erfolgt-gleich-dreifacher-auftakt-fuer-ein-intensives-in\" target=\"_self\" rel=\"nofollow noopener\"> Puntigamer Stra\u00dfe<\/a> ist bis dahin weiterhin in beide Fahrtrichtungen nur einspurig befahrbar, was speziell zu den Sto\u00dfzeiten zu Staus f\u00fchrt. Grund der Arbeiten: Es wird eine neue Fernw\u00e4rmeleitung gebaut, um den Bezirk Puntigam und das Gebiet \u201eTriester Stra\u00dfe S\u00fcd\u201c versorgen zu k\u00f6nnen. Zus\u00e4tzlich hat man die Wassertransportleitung (Baujahr 1950), die dort verl\u00e4uft, auf einer L\u00e4nge von fast sieben Kilometern erneuert.<\/p>\n<p class=\"klz-story-element-paragraph klz-text-copy\" data-testid=\"article-paragraph\">Auch in der Elisabethinergasse werden neue Leitungen f\u00fcr Fernw\u00e4rme, Kanal, Wasser und Strom verlegt. Zus\u00e4tzlich wird aber auch die Stra\u00dfe teils neu gestaltet, vor allem die Haltestellenbereiche f\u00fcr die Busse sind k\u00fcnftig barrierefrei. Die Ampelanlagen werden \u201etechnisch optimiert, um das Unfallrisiko zu minimieren\u201c, wie es bei der Holding hei\u00dft, und neue Gr\u00fcnfl\u00e4chen sollen die Aufenthaltsqualit\u00e4t an der vielbefahrenen Kreuzung erh\u00f6hen. Fertigstellung ist auch hier Ende Oktober. Bis dahin ist die Elisabethinergasse weiter nur einspurig und w\u00e4hrend der gesamten Bauzeit nur Richtung Norden befahrbar. Dazu gibt es ein Linksabbiegeverbot in die Ungergasse.<\/p>\n<p>Baustellen: Wo in Graz noch l\u00e4nger gegraben wird<\/p>\n<p class=\"klz-story-element-paragraph klz-text-copy\" data-testid=\"article-paragraph\">Das sind die guten Nachrichten. Der Blick in den frischen Baustellenkalender f\u00fcr den Herbst zeigt aber: Es wird noch an vielen Stellen in Graz gegraben, Stra\u00dfensperren inklusive. Die neueste Baustelle ist <a href=\"https:\/\/www.kleinezeitung.at\/artikel\/41221775\/rettung-der-allee-bauarbeiten-in-der-kaiserfeldgasse-starten\" target=\"_self\" rel=\"nofollow noopener\">jene in der Kaiserfeldgasse<\/a>, wo die historische Allee gerettet werden soll und die Gasse in eine Begegnungszone umgebaut wird. Die drei Etappen ziehen sich bis September 2027, Teile der Kaiserfeldgasse sind f\u00fcr Pkw und Rad gesperrt.<\/p>\n<p class=\"klz-story-element-paragraph klz-text-copy\" data-testid=\"article-paragraph\">Noch viel l\u00e4nger dauert die Baustelle in der <a href=\"https:\/\/www.kleinezeitung.at\/steiermark\/graz\/20498902\/wie-stadt-und-holding-bei-der-baustelle-hilmteich-nachbessern\" target=\"_self\" rel=\"nofollow noopener\">Hilmteichstra\u00dfe<\/a>. Dort wird ja bekanntlich ein Speicherkanal sowie ein zweites Tramgleis errichtet. Bis alles \u2013 inklusive Schlie\u00dfung der Radwegl\u00fccke \u2013 fertig ist, wird es M\u00e4rz 2028. F\u00fcr Autofahrer ist die Hilmteichstra\u00dfe eine Einbahn von S\u00fcd nach Nord. In die umgekehrte Richtung f\u00fchrt der Weg \u00fcber die Hilmgasse und die Heinrichstra\u00dfe. \u00d6ffi-Fahrer m\u00fcssen bis zum Ende der Baustelle per Ersatzbus nach Mariatrost.<\/p>\n<p class=\"klz-story-element-paragraph klz-text-copy\" data-testid=\"article-paragraph\">Die Sperre der Steyrergasse auf H\u00f6he <a href=\"https:\/\/www.kleinezeitung.at\/steiermark\/graz\/20736570\/jetzt-startet-der-um-und-ausbau-der-remise-steyrergasse-um-230-euro\" target=\"_self\" rel=\"nofollow noopener\">Remise<\/a> ist seit Kurzem wieder aufgehoben, genauso wie jene der Herrgottwiesgasse bei der \u00d6BB-Unterf\u00fchrung. Weiterhin gesperrt ist allerdings der Abschnitt der Triester Stra\u00dfe 20 bis 25, ebenfalls wegen der Sanierung der dortigen \u00d6BB-Unterf\u00fchrung. Diese Sperre wird bis zum 13. September dauern.<\/p>\n","protected":false},"excerpt":{"rendered":"Endspurt in die Puntigamer Stra\u00dfe und Elisabethinergasse, aber an vielen Stellen im Grazer Stra\u00dfennetz haben weiter die Bagger&hellip;\n","protected":false},"author":2,"featured_media":370826,"comment_status":"","ping_status":"","sticky":false,"template":"","format":"standard","meta":{"footnotes":"","_share_on_mastodon":"0"},"categories":[29],"tags":[46,42,8045,8046,63872,183,92948,44,92949],"class_list":["post-370825","post","type-post","status-publish","format-standard","has-post-thumbnail","category-graz","tag-at","tag-austria","tag-baustelle","tag-elisabethinergasse","tag-fernwaermeleitung","tag-graz","tag-grossbaustellen","tag-oesterreich","tag-puntigamer-strasse"],"share_on_mastodon":{"url":"https:\/\/pubeurope.com\/@at\/117201713511677642","error":""},"_links":{"self":[{"href":"https:\/\/www.europesays.com\/at\/wp-json\/wp\/v2\/posts\/370825","targetHints":{"allow":["GET"]}}],"collection":[{"href":"https:\/\/www.europesays.com\/at\/wp-json\/wp\/v2\/posts"}],"about":[{"href":"https:\/\/www.europesays.com\/at\/wp-json\/wp\/v2\/types\/post"}],"author":[{"embeddable":true,"href":"https:\/\/www.europesays.com\/at\/wp-json\/wp\/v2\/users\/2"}],"replies":[{"embeddable":true,"href":"https:\/\/www.europesays.com\/at\/wp-json\/wp\/v2\/comments?post=370825"}],"version-history":[{"count":0,"href":"https:\/\/www.europesays.com\/at\/wp-json\/wp\/v2\/posts\/370825\/revisions"}],"wp:featuredmedia":[{"embeddable":true,"href":"https:\/\/www.europesays.com\/at\/wp-json\/wp\/v2\/media\/370826"}],"wp:attachment":[{"href":"https:\/\/www.europesays.com\/at\/wp-json\/wp\/v2\/media?parent=370825"}],"wp:term":[{"taxonomy":"category","embeddable":true,"href":"https:\/\/www.europesays.com\/at\/wp-json\/wp\/v2\/categories?post=370825"},{"taxonomy":"post_tag","embeddable":true,"href":"https:\/\/www.europesays.com\/at\/wp-json\/wp\/v2\/tags?post=370825"}],"curies":[{"name":"wp","href":"https:\/\/api.w.org\/{rel}","templated":true}]}}