{"id":370833,"date":"2026-09-02T13:41:08","date_gmt":"2026-09-02T13:41:08","guid":{"rendered":"https:\/\/www.europesays.com\/at\/370833\/"},"modified":"2026-09-02T13:41:08","modified_gmt":"2026-09-02T13:41:08","slug":"moenchengladbach-eine-24-stunden-magie-mit-harry-potter","status":"publish","type":"post","link":"https:\/\/www.europesays.com\/at\/370833\/","title":{"rendered":"M\u00f6nchengladbach: Eine 24-Stunden-Magie mit Harry Potter"},"content":{"rendered":"<p class=\"text_ohne_einzug richtext text-em-55 !leading-serif mx-6 desktop:mx-0\">Seit 1997 das Buch \u201eHarry Potter und der Stein der Weisen\u201d ver\u00f6ffentlicht wurde, tr\u00e4umen Kinder auf der ganzen Welt davon, sieben Jahre ihres Lebens in der Zauberschule Hogwarts zu verbringen. In Buchhandlungen gab es gro\u00dfe Veranstaltungen zur Ver\u00f6ffentlichung der Fortsetzungen. Um Punkt Mitternacht konnten sich die G\u00e4ste oft schon ein Exemplar des neuen Buches sichern. Jetzt beweist das Comet Cine Center in M\u00f6nchengladbach, dass der Hype auch 25 Jahre nach der Ver\u00f6ffentlichung des letzten Bandes anh\u00e4lt. Am Abend versammeln sich dort etwa 170 Fans, viele mit Fanartikeln bekleidet, manche mit Pl\u00fcscheulen oder Figuren magischer Tierwesen. Ihr Plan: Das Kino erst am n\u00e4chsten Abend wieder zu verlassen. 1175 Minuten dauert es, sich alle acht Filme \u00fcber die Abenteuer des britischen Zaubersch\u00fclers anzusehen. Zwischendurch gibt es Pausen mit Zusatzmaterial und einem Quiz. Im \u201eGemeinschaftsraum\u201d in der ersten Etage werden warme Suppen ab halb drei morgens und belegte Br\u00f6tchen ab halb neun angeboten. Kaffee und Tee rund um die Uhr sind im Ticketpreis von 60 Euro enthalten.<\/p>\n","protected":false},"excerpt":{"rendered":"Seit 1997 das Buch \u201eHarry Potter und der Stein der Weisen\u201d ver\u00f6ffentlicht wurde, tr\u00e4umen Kinder auf der ganzen&hellip;\n","protected":false},"author":2,"featured_media":370834,"comment_status":"","ping_status":"","sticky":false,"template":"","format":"standard","meta":{"footnotes":"","_share_on_mastodon":"0"},"categories":[23],"tags":[46,42,4964,92950,151,147,208,92951,92954,11500,8268,6036,152,92953,92952,92223,12783,318,49263,150,44,74635,148,22594],"class_list":["post-370833","post","type-post","status-publish","format-standard","has-post-thumbnail","category-kino","tag-at","tag-austria","tag-center","tag-cine","tag-cinema","tag-entertainment","tag-film","tag-filmmarathon","tag-filmmuseum","tag-gast","tag-gaeste","tag-harry","tag-kino","tag-kinobetreiber","tag-kinomitarbeiter","tag-kinosaal","tag-kinostart","tag-marathon","tag-moenchengladbach","tag-movie","tag-oesterreich","tag-potter","tag-unterhaltung","tag-veroeffentlichung"],"share_on_mastodon":{"url":"https:\/\/pubeurope.com\/@at\/117201737210865979","error":""},"_links":{"self":[{"href":"https:\/\/www.europesays.com\/at\/wp-json\/wp\/v2\/posts\/370833","targetHints":{"allow":["GET"]}}],"collection":[{"href":"https:\/\/www.europesays.com\/at\/wp-json\/wp\/v2\/posts"}],"about":[{"href":"https:\/\/www.europesays.com\/at\/wp-json\/wp\/v2\/types\/post"}],"author":[{"embeddable":true,"href":"https:\/\/www.europesays.com\/at\/wp-json\/wp\/v2\/users\/2"}],"replies":[{"embeddable":true,"href":"https:\/\/www.europesays.com\/at\/wp-json\/wp\/v2\/comments?post=370833"}],"version-history":[{"count":0,"href":"https:\/\/www.europesays.com\/at\/wp-json\/wp\/v2\/posts\/370833\/revisions"}],"wp:featuredmedia":[{"embeddable":true,"href":"https:\/\/www.europesays.com\/at\/wp-json\/wp\/v2\/media\/370834"}],"wp:attachment":[{"href":"https:\/\/www.europesays.com\/at\/wp-json\/wp\/v2\/media?parent=370833"}],"wp:term":[{"taxonomy":"category","embeddable":true,"href":"https:\/\/www.europesays.com\/at\/wp-json\/wp\/v2\/categories?post=370833"},{"taxonomy":"post_tag","embeddable":true,"href":"https:\/\/www.europesays.com\/at\/wp-json\/wp\/v2\/tags?post=370833"}],"curies":[{"name":"wp","href":"https:\/\/api.w.org\/{rel}","templated":true}]}}