{"id":370839,"date":"2026-09-02T13:44:12","date_gmt":"2026-09-02T13:44:12","guid":{"rendered":"https:\/\/www.europesays.com\/at\/370839\/"},"modified":"2026-09-02T13:44:12","modified_gmt":"2026-09-02T13:44:12","slug":"offiziell-romeo-amane-verlaesst-den-sk-rapid","status":"publish","type":"post","link":"https:\/\/www.europesays.com\/at\/370839\/","title":{"rendered":"Offiziell: Romeo Amane verl\u00e4sst den SK Rapid"},"content":{"rendered":"<p>\t\t\t\t\t\t\t\t\t\t\t\t\t\t\t <img decoding=\"async\" src=\"https:\/\/www.europesays.com\/at\/wp-content\/uploads\/2026\/09\/1788356651_139_rapid-wien.png\" alt=\"\"\/> <\/p>\n<p>Die monatelangen Spekulationen um\u00a0Romeo Amane\u00a0finden nun ihr Ende: Der 23-j\u00e4hrige Ivorer, der im J\u00e4nner 2025 vom BK H\u00e4cken aus der schwedischen Allsvenksan zum <a href=\"https:\/\/ticker.ligaportal.at\/mannschaft\/1724\/rapid-wien\" rel=\"nofollow noopener\" target=\"_blank\">SK Rapid<\/a> wechselte, wird k\u00fcnftig in der belgischen Jupiler Pro League sein K\u00f6nnen zeigen.<\/p>\n<p><img decoding=\"async\" src=\"https:\/\/www.europesays.com\/at\/wp-content\/uploads\/2026\/09\/amane-romeo-horvath-sascha-lask-vs-sk-rapid-04-05-2026-lb-photo-com-lukas-biereder-biereder.jpg\" alt=\"\"\/><br \/>\nKatzer adelt Amane: &#8222;Hat seinen starken Charakter gezeigt&#8220;<\/p>\n<p>Der\u00a0SK Rapid und RSC Anderlecht verst\u00e4ndigten sich auf einen Transfer\u00a0des zentralen Mittelfeldspielers, dieser absolvierte bereits alle sportmedizinischen Tests bei seinem Neo-Club, der in den 1970-er-Jahren zweimal den Europapokal der Pokalsieger und 1983 den UEFA-Cup gewinnen konnte.<\/p>\n<p>F\u00fcr Gr\u00fcn-Wei\u00df absolvierte\u00a0Romeo Amane\u00a0in den letzten zweieinhalb Jahren\u00a069 Pflichtspiele, in denen er zwei Treffer erzielen und f\u00fcnf weitere direkt vorbereiten konnte.\u00a0<\/p>\n<p>Gesch\u00e4ftsf\u00fchrer Sport Markus Katzer sagt\u00a0zum erwarteten Abgang der gr\u00fcn-wei\u00dfen Nummer 29: <\/p>\n<p>\u201eRomeo Amane hat unsere Erwartungen voll erf\u00fcllt und sich als sehr wertvoller Teil unserer Mannschaft etabliert. Seinen starken Charakter hat er beim letzten Match, dem Heimsieg gegen Sturm Graz, erneut bewiesen, bei dem er eine wichtige Rolle gespielt hat und trotz des bevorstehenden Wechsels nach Belgien bis zu seiner Auswechslung eine starke Leistung geboten hat. <\/p>\n<p>Ich w\u00fcnsche ihm im Namen unseres Klubs und ganz besonders auch pers\u00f6nlich nur das Beste f\u00fcr seine neuen Karrierestation und bin \u00fcberzeugt, dass er sich auch beim RSC Anderlecht rasch etablieren kann.\u201c<\/p>\n<p>Siehe auch:<\/p>\n<p class=\"mt-0 mb-1 text-darkblue\" itemprop=\"headline\"><a class=\"text-darkblue\" href=\"https:\/\/www.ligaportal.at\/bundesliga\/allgemein\/22325-sk-rapid-schlaegt-angebote-fuer-nikolaus-wurmbrand-aus\" rel=\"nofollow noopener\" target=\"_blank\">SK Rapid schl\u00e4gt Angebote f\u00fcr Nikolaus Wurmbrand aus<\/a><\/p>\n<p class=\"mt-0 mb-1 text-darkblue\" itemprop=\"headline\"><a class=\"text-darkblue\" href=\"https:\/\/www.ligaportal.at\/bundesliga\/allgemein\/22319-sk-rapid-tobias-gulliksen-wechselt-in-die-tuerkei\" rel=\"nofollow noopener\" target=\"_blank\">SK Rapid: Tobias Gulliksen wechselt in die T\u00fcrkei<\/a><\/p>\n<p class=\"p1\">Fotocredit: <a href=\"https:\/\/lb-photo.com\/\" rel=\"nofollow noopener\" target=\"_blank\">LBP Media<\/a> \/ Lukas Biereder<\/p>\n","protected":false},"excerpt":{"rendered":"Die monatelangen Spekulationen um\u00a0Romeo Amane\u00a0finden nun ihr Ende: Der 23-j\u00e4hrige Ivorer, der im J\u00e4nner 2025 vom BK H\u00e4cken&hellip;\n","protected":false},"author":2,"featured_media":370840,"comment_status":"","ping_status":"","sticky":false,"template":"","format":"standard","meta":{"footnotes":"","_share_on_mastodon":"0"},"categories":[18],"tags":[46,42,69524,44,19666,75808,969,109,108],"class_list":["post-370839","post","type-post","status-publish","format-standard","has-post-thumbnail","category-sport","tag-at","tag-austria","tag-jupiler-pro-league","tag-oesterreich","tag-romeo-amane","tag-rsc-anderlecht","tag-sk-rapid","tag-sport","tag-sports"],"share_on_mastodon":{"url":"https:\/\/pubeurope.com\/@at\/117201749560869965","error":""},"_links":{"self":[{"href":"https:\/\/www.europesays.com\/at\/wp-json\/wp\/v2\/posts\/370839","targetHints":{"allow":["GET"]}}],"collection":[{"href":"https:\/\/www.europesays.com\/at\/wp-json\/wp\/v2\/posts"}],"about":[{"href":"https:\/\/www.europesays.com\/at\/wp-json\/wp\/v2\/types\/post"}],"author":[{"embeddable":true,"href":"https:\/\/www.europesays.com\/at\/wp-json\/wp\/v2\/users\/2"}],"replies":[{"embeddable":true,"href":"https:\/\/www.europesays.com\/at\/wp-json\/wp\/v2\/comments?post=370839"}],"version-history":[{"count":0,"href":"https:\/\/www.europesays.com\/at\/wp-json\/wp\/v2\/posts\/370839\/revisions"}],"wp:featuredmedia":[{"embeddable":true,"href":"https:\/\/www.europesays.com\/at\/wp-json\/wp\/v2\/media\/370840"}],"wp:attachment":[{"href":"https:\/\/www.europesays.com\/at\/wp-json\/wp\/v2\/media?parent=370839"}],"wp:term":[{"taxonomy":"category","embeddable":true,"href":"https:\/\/www.europesays.com\/at\/wp-json\/wp\/v2\/categories?post=370839"},{"taxonomy":"post_tag","embeddable":true,"href":"https:\/\/www.europesays.com\/at\/wp-json\/wp\/v2\/tags?post=370839"}],"curies":[{"name":"wp","href":"https:\/\/api.w.org\/{rel}","templated":true}]}}